{"id":83977,"date":"2024-04-21T17:27:55","date_gmt":"2024-04-21T16:27:55","guid":{"rendered":"https:\/\/www.ilbstory.com\/blog-photographe\/?p=83977"},"modified":"2024-04-28T14:46:39","modified_gmt":"2024-04-28T13:46:39","slug":"perigord-noir-photographe-mariage-lyon","status":"publish","type":"post","link":"https:\/\/www.ilbstory.com\/blog-photographe\/perigord-noir-photographe-mariage-lyon\/","title":{"rendered":"Un mariage en for\u00eat dans le P\u00e9rigord Noir de Thuy &#038; Adrien : par ILB Story, photographe de mariage \u00e0 Lyon"},"content":{"rendered":"<div class=\"wpb-content-wrapper\"><p>[vc_row][vc_column column_width_percent=\u00a0\u00bb75&Prime; gutter_size=\u00a0\u00bb3&Prime; overlay_alpha=\u00a0\u00bb50&Prime; shift_x=\u00a0\u00bb0&Prime; shift_y=\u00a0\u00bb0&Prime; shift_y_down=\u00a0\u00bb0&Prime; z_index=\u00a0\u00bb0&Prime; medium_width=\u00a0\u00bb0&Prime; mobile_width=\u00a0\u00bb0&Prime; width=\u00a0\u00bb1\/1&Prime; uncode_shortcode_id=\u00a0\u00bb105443&Prime;][vc_custom_heading heading_semantic=\u00a0\u00bbh1&Prime; text_size=\u00a0\u00bbh1&Prime; uncode_shortcode_id=\u00a0\u00bb405226&Prime;]<\/p>\n<h1>Un mariage en for\u00eat dans le P\u00e9rigord Noir de Thuy &amp; Adrien : par ILB Story, photographe de mariage \u00e0 Lyon<\/h1>\n<p>[\/vc_custom_heading][\/vc_column][\/vc_row][vc_row][vc_column column_width_percent=\u00a0\u00bb75&Prime; gutter_size=\u00a0\u00bb3&Prime; overlay_alpha=\u00a0\u00bb50&Prime; shift_x=\u00a0\u00bb0&Prime; shift_y=\u00a0\u00bb0&Prime; shift_y_down=\u00a0\u00bb0&Prime; z_index=\u00a0\u00bb0&Prime; medium_width=\u00a0\u00bb0&Prime; mobile_width=\u00a0\u00bb0&Prime; width=\u00a0\u00bb1\/1&Prime; uncode_shortcode_id=\u00a0\u00bb171985&Prime;][vc_column_text uncode_shortcode_id=\u00a0\u00bb139669&Prime;]En tant que photographe de mariage \u00e0 Lyon, j&rsquo;ai eu le privil\u00e8ge de documenter le mariage de Thuy et Adrien, un \u00e9v\u00e9nement tant attendu par le couple se d\u00e9roulant dans le cadre sublime du Domaine de La Fage au c\u0153ur du P\u00e9rigord Noir.<\/p>\n<p>Ce lieu magique, entour\u00e9 d&rsquo;une nature sauvage et dense, et peupl\u00e9 de cerfs et de chevreuils, offre un cadre d&rsquo;une beaut\u00e9 m\u00e9ditative, id\u00e9al pour immortaliser les moments les plus pr\u00e9cieux pour un photographe de mariage, ce qui me d\u00e9payse de Lyon.<\/p>\n<p>Avec son parc vaste aux nombreux coins charmants, le domaine propose un espace isol\u00e9 parfait pour les mariages, o\u00f9 la musique peut r\u00e9sonner sans limite. L&rsquo;\u00e9glise pittoresque du village, quant \u00e0 elle, conserve son charme authentique et ajoute une touche d&rsquo;histoire et de tradition \u00e0 l&rsquo;ensemble de la c\u00e9l\u00e9bration \u00e0 travers les photos de mariage.<\/p>\n<p>Si vous envisagez \u00e9galement de vous marier \u00e0 Lyon ou dans une autre ville et que vous recherchez un photographe professionnel pour capturer ces instants inoubliables, je vous invite \u00e0 d\u00e9couvrir mon travail sur page <a href=\"https:\/\/www.ilbstory.com\/\" target=\"_blank\" rel=\"noopener\">photographe mariage Lyon,<\/a> o\u00f9 je mets en lumi\u00e8re la magie de chaque mariage \u00e0 travers des reportages photo authentiques.<\/p>\n<h2><span style=\"font-size: 18pt;\">Immersion dans l&rsquo;histoire du couple : photographe mariage Lyon<\/span><\/h2>\n<p>Ma rencontre avec Thuy et Adrien, un couple amoureux d&rsquo;aventures ayant v\u00e9cu \u00e0 l&rsquo;\u00e9tranger, m&rsquo;a permis de m&rsquo;immerger dans leur histoire et leur univers. En tant que photographe de mariage, gr\u00e2ce \u00e0 cette connexion pr\u00e9alable, j&rsquo;ai pu m&rsquo;inspirer pour pr\u00e9parer des prises de vue qui refl\u00e8tent non seulement la particularit\u00e9 du P\u00e9rigord Noir, mais aussi la beaut\u00e9 m\u00eame de leur relation.<\/p>\n<p>L&rsquo;importance de la communication entre le photographe de mariage et le couple est essentielle, notamment pour capturer des moments authentiques et vivants, comme l&rsquo;arriv\u00e9e unique des mari\u00e9s au Domaine de La Fage. En d\u00e9veloppant une complicit\u00e9 avec Thuy et Adrien, chaque d\u00e9fi rencontr\u00e9 s&rsquo;est transform\u00e9 en opportunit\u00e9 pour enrichir leur reportage photo, cr\u00e9ant des souvenirs \u00e0 leur image.[\/vc_column_text][\/vc_column][\/vc_row][vc_row][vc_column width=\u00a0\u00bb1\/1&Prime;][vc_column_text uncode_shortcode_id=\u00a0\u00bb994390&Prime;]<img decoding=\"async\" src=\"http:\/\/www.ilbstory.com\/blog-photographe\/wp-content\/uploads\/Thuy-Adrien\/photographe-mariage-Lyon-P\u00e9rigord-Noir-01.webp\" \/><br \/>\n<img decoding=\"async\" src=\"http:\/\/www.ilbstory.com\/blog-photographe\/wp-content\/uploads\/Thuy-Adrien\/photographe-mariage-Lyon-P\u00e9rigord-Noir-02.webp\" \/><br \/>\n<img decoding=\"async\" src=\"http:\/\/www.ilbstory.com\/blog-photographe\/wp-content\/uploads\/Thuy-Adrien\/photographe-mariage-Lyon-P\u00e9rigord-Noir-03.webp\" \/><br \/>\n<img decoding=\"async\" src=\"http:\/\/www.ilbstory.com\/blog-photographe\/wp-content\/uploads\/Thuy-Adrien\/photographe-mariage-Lyon-P\u00e9rigord-Noir-04.webp\" \/><br \/>\n<img decoding=\"async\" src=\"http:\/\/www.ilbstory.com\/blog-photographe\/wp-content\/uploads\/Thuy-Adrien\/photographe-mariage-Lyon-P\u00e9rigord-Noir-05.webp\" \/><\/p>\n<h3>D\u00e9coration et ambiance de la r\u00e9ception : photo de mariage<\/h3>\n<p>La sensibilit\u00e9 de Thuy en mati\u00e8re de d\u00e9coration a laiss\u00e9 son empreinte sur chaque aspect de la r\u00e9ception, offrant un cadre qui refl\u00e9tait parfaitement leur personnalit\u00e9 et leur cr\u00e9ativit\u00e9. En tant que professionnelle de la d\u00e9coration d&rsquo;int\u00e9rieur et de l&rsquo;architecture d&rsquo;int\u00e9rieur, Thuy a mis son expertise au service de leur \u00e9v\u00e9nement au Domaine de La Fage, dans le P\u00e9rigord noir.<\/p>\n<p>Malgr\u00e9 un ciel nuageux, l&rsquo;ambiance \u00e9tait chaleureuse et conviviale, avec des tables dispos\u00e9es en rang\u00e9es et les noms des invit\u00e9s inscrits \u00e0 la craie, ajoutant ainsi une touche personnelle \u00e0 la c\u00e9l\u00e9bration. Malgr\u00e9 les d\u00e9fis m\u00e9t\u00e9orologiques, l&rsquo;atmosph\u00e8re \u00e9tait impr\u00e9gn\u00e9e d&rsquo;amour et de cr\u00e9ativit\u00e9, offrant une exp\u00e9rience inoubliable \u00e0 tous les participants.<\/p>\n<p>La cr\u00e9ativit\u00e9 et le souci du d\u00e9tail de Thuy ont brill\u00e9 \u00e0 travers chaque aspect de la r\u00e9ception, offrant aux invit\u00e9s une exp\u00e9rience visuelle et sensorielle unique. Des \u00e9l\u00e9ments originaux, tels que le repas en ext\u00e9rieur prot\u00e9g\u00e9 de la pluie et le go\u00fbter pr\u00e9par\u00e9 avec amour par la mari\u00e9e et sa famille, ont ajout\u00e9 une touche chaleureuse et personnelle \u00e0 l&rsquo;\u00e9v\u00e9nement. Malgr\u00e9 les al\u00e9as m\u00e9t\u00e9orologiques, l&rsquo;atmosph\u00e8re \u00e9tait impr\u00e9gn\u00e9e de chaleur humaine et d&rsquo;intimit\u00e9, cr\u00e9ant ainsi des photos de mariage inoubliables.<\/p>\n<p><img decoding=\"async\" src=\"http:\/\/www.ilbstory.com\/blog-photographe\/wp-content\/uploads\/Thuy-Adrien\/photographe-mariage-Lyon-P\u00e9rigord-Noir-06.webp\" \/><br \/>\n<img decoding=\"async\" src=\"http:\/\/www.ilbstory.com\/blog-photographe\/wp-content\/uploads\/Thuy-Adrien\/photographe-mariage-Lyon-P\u00e9rigord-Noir-07.webp\" \/><br \/>\n<img decoding=\"async\" src=\"http:\/\/www.ilbstory.com\/blog-photographe\/wp-content\/uploads\/Thuy-Adrien\/photographe-mariage-Lyon-P\u00e9rigord-Noir-08.webp\" \/><br \/>\n<img decoding=\"async\" src=\"http:\/\/www.ilbstory.com\/blog-photographe\/wp-content\/uploads\/Thuy-Adrien\/photographe-mariage-Lyon-P\u00e9rigord-Noir-09.webp\" \/><br \/>\n<img decoding=\"async\" src=\"http:\/\/www.ilbstory.com\/blog-photographe\/wp-content\/uploads\/Thuy-Adrien\/photographe-mariage-Lyon-P\u00e9rigord-Noir-10.webp\" \/><br \/>\n<img decoding=\"async\" src=\"http:\/\/www.ilbstory.com\/blog-photographe\/wp-content\/uploads\/Thuy-Adrien\/photographe-mariage-Lyon-P\u00e9rigord-Noir-11.webp\" \/><br \/>\n<img decoding=\"async\" src=\"http:\/\/www.ilbstory.com\/blog-photographe\/wp-content\/uploads\/Thuy-Adrien\/photographe-mariage-Lyon-P\u00e9rigord-Noir-12.webp\" \/><br \/>\n<img decoding=\"async\" src=\"http:\/\/www.ilbstory.com\/blog-photographe\/wp-content\/uploads\/Thuy-Adrien\/photographe-mariage-Lyon-P\u00e9rigord-Noir-13.webp\" \/><br \/>\n<img decoding=\"async\" src=\"http:\/\/www.ilbstory.com\/blog-photographe\/wp-content\/uploads\/Thuy-Adrien\/photographe-mariage-Lyon-P\u00e9rigord-Noir-14.webp\" \/><br \/>\n<img decoding=\"async\" src=\"http:\/\/www.ilbstory.com\/blog-photographe\/wp-content\/uploads\/Thuy-Adrien\/photographe-mariage-Lyon-P\u00e9rigord-Noir-15.webp\" \/><br \/>\n<img decoding=\"async\" src=\"http:\/\/www.ilbstory.com\/blog-photographe\/wp-content\/uploads\/Thuy-Adrien\/photographe-mariage-Lyon-P\u00e9rigord-Noir-16.webp\" \/><br \/>\n<img decoding=\"async\" src=\"http:\/\/www.ilbstory.com\/blog-photographe\/wp-content\/uploads\/Thuy-Adrien\/photographe-mariage-Lyon-P\u00e9rigord-Noir-17.webp\" \/><br \/>\n<img decoding=\"async\" src=\"http:\/\/www.ilbstory.com\/blog-photographe\/wp-content\/uploads\/Thuy-Adrien\/photographe-mariage-Lyon-P\u00e9rigord-Noir-18.webp\" \/><br \/>\n<img decoding=\"async\" src=\"http:\/\/www.ilbstory.com\/blog-photographe\/wp-content\/uploads\/Thuy-Adrien\/photographe-mariage-Lyon-P\u00e9rigord-Noir-19.webp\" \/><br \/>\n<img decoding=\"async\" src=\"http:\/\/www.ilbstory.com\/blog-photographe\/wp-content\/uploads\/Thuy-Adrien\/photographe-mariage-Lyon-P\u00e9rigord-Noir-20.webp\" \/><br \/>\n<img decoding=\"async\" src=\"http:\/\/www.ilbstory.com\/blog-photographe\/wp-content\/uploads\/Thuy-Adrien\/photographe-mariage-Lyon-P\u00e9rigord-Noir-21.webp\" \/><br \/>\n<img decoding=\"async\" src=\"http:\/\/www.ilbstory.com\/blog-photographe\/wp-content\/uploads\/Thuy-Adrien\/photographe-mariage-Lyon-P\u00e9rigord-Noir-22.webp\" \/><br \/>\n<img decoding=\"async\" src=\"http:\/\/www.ilbstory.com\/blog-photographe\/wp-content\/uploads\/Thuy-Adrien\/photographe-mariage-Lyon-P\u00e9rigord-Noir-23.webp\" \/><br \/>\n<img decoding=\"async\" src=\"http:\/\/www.ilbstory.com\/blog-photographe\/wp-content\/uploads\/Thuy-Adrien\/photographe-mariage-Lyon-P\u00e9rigord-Noir-24.webp\" \/><br \/>\n<img decoding=\"async\" src=\"http:\/\/www.ilbstory.com\/blog-photographe\/wp-content\/uploads\/Thuy-Adrien\/photographe-mariage-Lyon-P\u00e9rigord-Noir-25.webp\" \/><br \/>\n<img decoding=\"async\" src=\"http:\/\/www.ilbstory.com\/blog-photographe\/wp-content\/uploads\/Thuy-Adrien\/photographe-mariage-Lyon-P\u00e9rigord-Noir-26.webp\" \/><br \/>\n<img decoding=\"async\" src=\"http:\/\/www.ilbstory.com\/blog-photographe\/wp-content\/uploads\/Thuy-Adrien\/photographe-mariage-Lyon-P\u00e9rigord-Noir-27.webp\" \/><br \/>\n<img decoding=\"async\" src=\"http:\/\/www.ilbstory.com\/blog-photographe\/wp-content\/uploads\/Thuy-Adrien\/photographe-mariage-Lyon-P\u00e9rigord-Noir-28.webp\" \/><br \/>\n<img decoding=\"async\" src=\"http:\/\/www.ilbstory.com\/blog-photographe\/wp-content\/uploads\/Thuy-Adrien\/photographe-mariage-Lyon-P\u00e9rigord-Noir-29.webp\" \/><br \/>\n<img decoding=\"async\" src=\"http:\/\/www.ilbstory.com\/blog-photographe\/wp-content\/uploads\/Thuy-Adrien\/photographe-mariage-Lyon-P\u00e9rigord-Noir-30.webp\" \/><br \/>\n<img decoding=\"async\" src=\"http:\/\/www.ilbstory.com\/blog-photographe\/wp-content\/uploads\/Thuy-Adrien\/photographe-mariage-Lyon-P\u00e9rigord-Noir-31.webp\" \/><br \/>\n<img decoding=\"async\" src=\"http:\/\/www.ilbstory.com\/blog-photographe\/wp-content\/uploads\/Thuy-Adrien\/photographe-mariage-Lyon-P\u00e9rigord-Noir-32.webp\" \/><br \/>\n<img decoding=\"async\" src=\"http:\/\/www.ilbstory.com\/blog-photographe\/wp-content\/uploads\/Thuy-Adrien\/photographe-mariage-Lyon-P\u00e9rigord-Noir-33.webp\" \/><\/p>\n<h3>Post-production et traitement des photos de mariage<\/h3>\n<p>Dans le processus de post-production, je m&rsquo;efforce de pr\u00e9server l&rsquo;authenticit\u00e9 de chaque moment captur\u00e9, en adaptant le traitement des photos pour refl\u00e9ter fid\u00e8lement l&rsquo;atmosph\u00e8re et l&rsquo;\u00e9clairage naturels du lieu. Pour un photographe de mariage, ce respect de l&rsquo;ambiance permet de transmettre les \u00e9motions et les souvenirs de cette journ\u00e9e d&rsquo;une mani\u00e8re qui correspond au couple.<\/p>\n<p>Enfin, la post-production des images refl\u00e8te non seulement les moments visuels, mais aussi l&rsquo;atmosph\u00e8re et les \u00e9motions v\u00e9cues ce jour-l\u00e0. Le traitement cin\u00e9matographique des photos, tout en respectant la lumi\u00e8re naturelle et l&rsquo;ambiance du lieu, permet gr\u00e2ce aux photos de mariage de revivre de mani\u00e8re vivante et authentique, t\u00e9moignant d&rsquo;une journ\u00e9e o\u00f9 chaque d\u00e9tail, chaque sourire et chaque larme de joie ont \u00e9t\u00e9 immortalis\u00e9s avec soin et sensibilit\u00e9.<\/p>\n<p><img decoding=\"async\" src=\"http:\/\/www.ilbstory.com\/blog-photographe\/wp-content\/uploads\/Thuy-Adrien\/photographe-mariage-Lyon-P\u00e9rigord-Noir-34.webp\" \/><br \/>\n<img decoding=\"async\" src=\"http:\/\/www.ilbstory.com\/blog-photographe\/wp-content\/uploads\/Thuy-Adrien\/photographe-mariage-Lyon-P\u00e9rigord-Noir-35.webp\" \/><br \/>\n<img decoding=\"async\" src=\"http:\/\/www.ilbstory.com\/blog-photographe\/wp-content\/uploads\/Thuy-Adrien\/photographe-mariage-Lyon-P\u00e9rigord-Noir-36.webp\" \/><br \/>\n<img decoding=\"async\" src=\"http:\/\/www.ilbstory.com\/blog-photographe\/wp-content\/uploads\/Thuy-Adrien\/photographe-mariage-Lyon-P\u00e9rigord-Noir-37.webp\" \/><br \/>\n<img decoding=\"async\" src=\"http:\/\/www.ilbstory.com\/blog-photographe\/wp-content\/uploads\/Thuy-Adrien\/photographe-mariage-Lyon-P\u00e9rigord-Noir-38.webp\" \/><br \/>\n<img decoding=\"async\" src=\"http:\/\/www.ilbstory.com\/blog-photographe\/wp-content\/uploads\/Thuy-Adrien\/photographe-mariage-Lyon-P\u00e9rigord-Noir-39.webp\" \/><br \/>\n<img decoding=\"async\" src=\"http:\/\/www.ilbstory.com\/blog-photographe\/wp-content\/uploads\/Thuy-Adrien\/photographe-mariage-Lyon-P\u00e9rigord-Noir-40.webp\" \/><br \/>\n<img decoding=\"async\" src=\"http:\/\/www.ilbstory.com\/blog-photographe\/wp-content\/uploads\/Thuy-Adrien\/photographe-mariage-Lyon-P\u00e9rigord-Noir-41.webp\" \/><br \/>\n<img decoding=\"async\" src=\"http:\/\/www.ilbstory.com\/blog-photographe\/wp-content\/uploads\/Thuy-Adrien\/photographe-mariage-Lyon-P\u00e9rigord-Noir-42.webp\" \/><br \/>\n<img decoding=\"async\" src=\"http:\/\/www.ilbstory.com\/blog-photographe\/wp-content\/uploads\/Thuy-Adrien\/photographe-mariage-Lyon-P\u00e9rigord-Noir-43.webp\" \/><br \/>\n<img decoding=\"async\" src=\"http:\/\/www.ilbstory.com\/blog-photographe\/wp-content\/uploads\/Thuy-Adrien\/photographe-mariage-Lyon-P\u00e9rigord-Noir-44.webp\" \/><br \/>\n<img decoding=\"async\" src=\"http:\/\/www.ilbstory.com\/blog-photographe\/wp-content\/uploads\/Thuy-Adrien\/photographe-mariage-Lyon-P\u00e9rigord-Noir-45.webp\" \/><br \/>\n<img decoding=\"async\" src=\"http:\/\/www.ilbstory.com\/blog-photographe\/wp-content\/uploads\/Thuy-Adrien\/photographe-mariage-Lyon-P\u00e9rigord-Noir-46.webp\" \/><br \/>\n<img decoding=\"async\" src=\"http:\/\/www.ilbstory.com\/blog-photographe\/wp-content\/uploads\/Thuy-Adrien\/photographe-mariage-Lyon-P\u00e9rigord-Noir-47.webp\" \/><br \/>\n<img decoding=\"async\" src=\"http:\/\/www.ilbstory.com\/blog-photographe\/wp-content\/uploads\/Thuy-Adrien\/photographe-mariage-Lyon-P\u00e9rigord-Noir-48.webp\" \/><\/p>\n<h3>Moments forts : photographe de mariage Lyon<\/h3>\n<p>En tant que photographe de mariage \u00e0 Lyon, l\u2019union entre Thuy et Adrien dans le P\u00e9rigord Noir est un t\u00e9moignage parfait de l&rsquo;amour et de la beaut\u00e9 coupl\u00e9s \u00e0 l&rsquo;art de la photographie. Il reste une source d&rsquo;inspiration pour tous ceux qui r\u00eavent d&rsquo;un mariage qui soit non seulement un jour de f\u00eate, mais une histoire d&rsquo;amour captur\u00e9e pour l&rsquo;\u00e9ternit\u00e9.<\/p>\n<p>Malgr\u00e9 les d\u00e9fis pos\u00e9s par la m\u00e9t\u00e9o et les particularit\u00e9s du lieu, cette union illustre parfaitement comment un photographe de mariage exp\u00e9riment\u00e9 peut utiliser ces \u00e9l\u00e9ments \u00e0 son avantage pour cr\u00e9er des images saisissantes et m\u00e9morables. La pluie, loin de g\u00e2cher la c\u00e9r\u00e9monie, a ajout\u00e9 une dimension dramatique et une touche de spontan\u00e9it\u00e9 aux photos, prouvant que chaque moment, qu&rsquo;il soit ensoleill\u00e9 ou pluvieux, porte en lui une opportunit\u00e9 unique de photographier la beaut\u00e9.<\/p>\n<p>L&rsquo;entr\u00e9e originale des mari\u00e9s, un moment fortuit et joyeusement inattendu, d\u00e9montre l&rsquo;importance d&rsquo;\u00eatre toujours pr\u00eat et attentif pour un photographe. Cette capacit\u00e9 \u00e0 saisir l\u2019impr\u00e9vu, et de le transformer en un souvenir inoubliable.<\/p>\n<p><img decoding=\"async\" src=\"http:\/\/www.ilbstory.com\/blog-photographe\/wp-content\/uploads\/Thuy-Adrien\/photographe-mariage-Lyon-P\u00e9rigord-Noir-49.webp\" \/><br \/>\n<img decoding=\"async\" src=\"http:\/\/www.ilbstory.com\/blog-photographe\/wp-content\/uploads\/Thuy-Adrien\/photographe-mariage-Lyon-P\u00e9rigord-Noir-50.webp\" \/><br \/>\n<img decoding=\"async\" src=\"http:\/\/www.ilbstory.com\/blog-photographe\/wp-content\/uploads\/Thuy-Adrien\/photographe-mariage-Lyon-P\u00e9rigord-Noir-51.webp\" \/><br \/>\n<img decoding=\"async\" src=\"http:\/\/www.ilbstory.com\/blog-photographe\/wp-content\/uploads\/Thuy-Adrien\/photographe-mariage-Lyon-P\u00e9rigord-Noir-52.webp\" \/><br \/>\n<img decoding=\"async\" src=\"http:\/\/www.ilbstory.com\/blog-photographe\/wp-content\/uploads\/Thuy-Adrien\/photographe-mariage-Lyon-P\u00e9rigord-Noir-53.webp\" \/><br \/>\n<img decoding=\"async\" src=\"http:\/\/www.ilbstory.com\/blog-photographe\/wp-content\/uploads\/Thuy-Adrien\/photographe-mariage-Lyon-P\u00e9rigord-Noir-54.webp\" \/><br \/>\n<img decoding=\"async\" src=\"http:\/\/www.ilbstory.com\/blog-photographe\/wp-content\/uploads\/Thuy-Adrien\/photographe-mariage-Lyon-P\u00e9rigord-Noir-55.webp\" \/><br \/>\n<img decoding=\"async\" src=\"http:\/\/www.ilbstory.com\/blog-photographe\/wp-content\/uploads\/Thuy-Adrien\/photographe-mariage-Lyon-P\u00e9rigord-Noir-56.webp\" \/><br \/>\n<img decoding=\"async\" src=\"http:\/\/www.ilbstory.com\/blog-photographe\/wp-content\/uploads\/Thuy-Adrien\/photographe-mariage-Lyon-P\u00e9rigord-Noir-57.webp\" \/><br \/>\n<img decoding=\"async\" src=\"http:\/\/www.ilbstory.com\/blog-photographe\/wp-content\/uploads\/Thuy-Adrien\/photographe-mariage-Lyon-P\u00e9rigord-Noir-58.webp\" \/><br \/>\n<img decoding=\"async\" src=\"http:\/\/www.ilbstory.com\/blog-photographe\/wp-content\/uploads\/Thuy-Adrien\/photographe-mariage-Lyon-P\u00e9rigord-Noir-59.webp\" \/><br \/>\n<img decoding=\"async\" src=\"http:\/\/www.ilbstory.com\/blog-photographe\/wp-content\/uploads\/Thuy-Adrien\/photographe-mariage-Lyon-P\u00e9rigord-Noir-60.webp\" \/><br \/>\n<img decoding=\"async\" src=\"http:\/\/www.ilbstory.com\/blog-photographe\/wp-content\/uploads\/Thuy-Adrien\/photographe-mariage-Lyon-P\u00e9rigord-Noir-61.webp\" \/><br \/>\n<img decoding=\"async\" src=\"http:\/\/www.ilbstory.com\/blog-photographe\/wp-content\/uploads\/Thuy-Adrien\/photographe-mariage-Lyon-P\u00e9rigord-Noir-62.webp\" \/><br \/>\n<img decoding=\"async\" src=\"http:\/\/www.ilbstory.com\/blog-photographe\/wp-content\/uploads\/Thuy-Adrien\/photographe-mariage-Lyon-P\u00e9rigord-Noir-63.webp\" \/><br \/>\n<img decoding=\"async\" src=\"http:\/\/www.ilbstory.com\/blog-photographe\/wp-content\/uploads\/Thuy-Adrien\/photographe-mariage-Lyon-P\u00e9rigord-Noir-64.webp\" \/><br \/>\n<img decoding=\"async\" src=\"http:\/\/www.ilbstory.com\/blog-photographe\/wp-content\/uploads\/Thuy-Adrien\/photographe-mariage-Lyon-P\u00e9rigord-Noir-65.webp\" \/><br \/>\n<img decoding=\"async\" src=\"http:\/\/www.ilbstory.com\/blog-photographe\/wp-content\/uploads\/Thuy-Adrien\/photographe-mariage-Lyon-P\u00e9rigord-Noir-66.webp\" \/><\/p>\n<h3>Collaboration et relation avec le couple et le photographe de mariage<\/h3>\n<p>La collaboration \u00e9troite avec le couple, avant et pendant la journ\u00e9e, souligne la n\u00e9cessit\u00e9 d&rsquo;une relation de confiance et de compr\u00e9hension mutuelle entre le photographe et les mari\u00e9s. Cette connexion profonde permet non seulement d&rsquo;anticiper leurs besoins et leurs souhaits, mais aussi d&rsquo;encourager un environnement o\u00f9 ils se sentent libres d&rsquo;exprimer leur personnalit\u00e9 et leur amour, sans r\u00e9serve sous le regard du photographe de mariage.<\/p>\n<p><img decoding=\"async\" src=\"http:\/\/www.ilbstory.com\/blog-photographe\/wp-content\/uploads\/Thuy-Adrien\/photographe-mariage-Lyon-P\u00e9rigord-Noir-67.webp\" \/><br \/>\n<img decoding=\"async\" src=\"http:\/\/www.ilbstory.com\/blog-photographe\/wp-content\/uploads\/Thuy-Adrien\/photographe-mariage-Lyon-P\u00e9rigord-Noir-68.webp\" \/><br \/>\n<img decoding=\"async\" src=\"http:\/\/www.ilbstory.com\/blog-photographe\/wp-content\/uploads\/Thuy-Adrien\/photographe-mariage-Lyon-P\u00e9rigord-Noir-69.webp\" \/><br \/>\n<img decoding=\"async\" src=\"http:\/\/www.ilbstory.com\/blog-photographe\/wp-content\/uploads\/Thuy-Adrien\/photographe-mariage-Lyon-P\u00e9rigord-Noir-70.webp\" \/><br \/>\n<img decoding=\"async\" src=\"http:\/\/www.ilbstory.com\/blog-photographe\/wp-content\/uploads\/Thuy-Adrien\/photographe-mariage-Lyon-P\u00e9rigord-Noir-71.webp\" \/><br \/>\n<img decoding=\"async\" src=\"http:\/\/www.ilbstory.com\/blog-photographe\/wp-content\/uploads\/Thuy-Adrien\/photographe-mariage-Lyon-P\u00e9rigord-Noir-72.webp\" \/><br \/>\n<img decoding=\"async\" src=\"http:\/\/www.ilbstory.com\/blog-photographe\/wp-content\/uploads\/Thuy-Adrien\/photographe-mariage-Lyon-P\u00e9rigord-Noir-73.webp\" \/><br \/>\n<img decoding=\"async\" src=\"http:\/\/www.ilbstory.com\/blog-photographe\/wp-content\/uploads\/Thuy-Adrien\/photographe-mariage-Lyon-P\u00e9rigord-Noir-74.webp\" \/><br \/>\n<img decoding=\"async\" src=\"http:\/\/www.ilbstory.com\/blog-photographe\/wp-content\/uploads\/Thuy-Adrien\/photographe-mariage-Lyon-P\u00e9rigord-Noir-75.webp\" \/><br \/>\n<img decoding=\"async\" src=\"http:\/\/www.ilbstory.com\/blog-photographe\/wp-content\/uploads\/Thuy-Adrien\/photographe-mariage-Lyon-P\u00e9rigord-Noir-76.webp\" \/><br \/>\n<img decoding=\"async\" src=\"http:\/\/www.ilbstory.com\/blog-photographe\/wp-content\/uploads\/Thuy-Adrien\/photographe-mariage-Lyon-P\u00e9rigord-Noir-77.webp\" \/><br \/>\n<img decoding=\"async\" src=\"http:\/\/www.ilbstory.com\/blog-photographe\/wp-content\/uploads\/Thuy-Adrien\/photographe-mariage-Lyon-P\u00e9rigord-Noir-78.webp\" \/><br \/>\n<img decoding=\"async\" src=\"http:\/\/www.ilbstory.com\/blog-photographe\/wp-content\/uploads\/Thuy-Adrien\/photographe-mariage-Lyon-P\u00e9rigord-Noir-79.webp\" \/><br \/>\n<img decoding=\"async\" src=\"http:\/\/www.ilbstory.com\/blog-photographe\/wp-content\/uploads\/Thuy-Adrien\/photographe-mariage-Lyon-P\u00e9rigord-Noir-80.webp\" \/><br \/>\n<img decoding=\"async\" src=\"http:\/\/www.ilbstory.com\/blog-photographe\/wp-content\/uploads\/Thuy-Adrien\/photographe-mariage-Lyon-P\u00e9rigord-Noir-81.webp\" \/><br \/>\n<img decoding=\"async\" src=\"http:\/\/www.ilbstory.com\/blog-photographe\/wp-content\/uploads\/Thuy-Adrien\/photographe-mariage-Lyon-P\u00e9rigord-Noir-82.webp\" \/><br \/>\n<img decoding=\"async\" src=\"http:\/\/www.ilbstory.com\/blog-photographe\/wp-content\/uploads\/Thuy-Adrien\/photographe-mariage-Lyon-P\u00e9rigord-Noir-83.webp\" \/><br \/>\n<img decoding=\"async\" src=\"http:\/\/www.ilbstory.com\/blog-photographe\/wp-content\/uploads\/Thuy-Adrien\/photographe-mariage-Lyon-P\u00e9rigord-Noir-84.webp\" \/><br \/>\n<img decoding=\"async\" src=\"http:\/\/www.ilbstory.com\/blog-photographe\/wp-content\/uploads\/Thuy-Adrien\/photographe-mariage-Lyon-P\u00e9rigord-Noir-85.webp\" \/><br \/>\n<img decoding=\"async\" src=\"http:\/\/www.ilbstory.com\/blog-photographe\/wp-content\/uploads\/Thuy-Adrien\/photographe-mariage-Lyon-P\u00e9rigord-Noir-86.webp\" \/><br \/>\n<img decoding=\"async\" src=\"http:\/\/www.ilbstory.com\/blog-photographe\/wp-content\/uploads\/Thuy-Adrien\/photographe-mariage-Lyon-P\u00e9rigord-Noir-87.webp\" \/><br \/>\n<img decoding=\"async\" src=\"http:\/\/www.ilbstory.com\/blog-photographe\/wp-content\/uploads\/Thuy-Adrien\/photographe-mariage-Lyon-P\u00e9rigord-Noir-88.webp\" \/><br \/>\n<img decoding=\"async\" src=\"http:\/\/www.ilbstory.com\/blog-photographe\/wp-content\/uploads\/Thuy-Adrien\/photographe-mariage-Lyon-P\u00e9rigord-Noir-89.webp\" \/><br \/>\n<img decoding=\"async\" src=\"http:\/\/www.ilbstory.com\/blog-photographe\/wp-content\/uploads\/Thuy-Adrien\/photographe-mariage-Lyon-P\u00e9rigord-Noir-90.webp\" \/><br \/>\n<img decoding=\"async\" src=\"http:\/\/www.ilbstory.com\/blog-photographe\/wp-content\/uploads\/Thuy-Adrien\/photographe-mariage-Lyon-P\u00e9rigord-Noir-91.webp\" \/><br \/>\n<img decoding=\"async\" src=\"http:\/\/www.ilbstory.com\/blog-photographe\/wp-content\/uploads\/Thuy-Adrien\/photographe-mariage-Lyon-P\u00e9rigord-Noir-92.webp\" \/><br \/>\n<img decoding=\"async\" src=\"http:\/\/www.ilbstory.com\/blog-photographe\/wp-content\/uploads\/Thuy-Adrien\/photographe-mariage-Lyon-P\u00e9rigord-Noir-93.webp\" \/><\/p>\n<h2>ILB Story, photographe de mariage Lyon<\/h2>\n<p>Le r\u00e9cit de cette journ\u00e9e, enrichi par des t\u00e9moignages pratiques pour les futurs mari\u00e9s et par mon approche de la photographie, offre un aper\u00e7u de mon travail pour quiconque cherche un photographe de mariage \u00e0 Lyon ou dans le P\u00e9rigord noir. Les photos, bien plus que de simples images, deviennent des fen\u00eatres sur les \u00e2mes des mari\u00e9s et les gardiens de leurs souvenirs, photographi\u00e9es avec toute l&rsquo;intensit\u00e9 \u00e9motionnelle et la beaut\u00e9 esth\u00e9tique qu&rsquo;elles m\u00e9ritent.<\/p>\n<p>En conclusion, en tant que photographe de mariage \u00e0 Lyon, cette journ\u00e9e avec Thuy et Adrien est un parfait exemple de la magie qui peut \u00eatre captur\u00e9e lorsque la complicit\u00e9 rencontre une sensibilit\u00e9 artistique. Chaque photo raconte une histoire, chaque d\u00e9tail a une signification, et chaque moment captur\u00e9 est un tr\u00e9sor pour le temps qui passe. C&rsquo;est l&rsquo;esprit m\u00eame de la photographie de mariage &#8211; immortaliser l&rsquo;amour, la joie et tous les instants qui composent le d\u00e9but d&rsquo;une nouvelle vie \u00e0 deux.[\/vc_column_text][\/vc_column][\/vc_row][vc_row][vc_column width=\u00a0\u00bb1\/1&Prime;][uncode_index loop=\u00a0\u00bbsize:10|order_by:date|post_type:post|by_id:83944,83954,2729,3187,1547|taxonomy_count:10&Prime; screen_lg=\u00a0\u00bb1000&Prime; screen_md=\u00a0\u00bb600&Prime; screen_sm=\u00a0\u00bb480&Prime; gutter_size=\u00a0\u00bb3&Prime; post_items=\u00a0\u00bbmedia|featured|onpost|original,title\u00a0\u00bb single_width=\u00a0\u00bb2&Prime; single_overlay_opacity=\u00a0\u00bb50&Prime; single_padding=\u00a0\u00bb2&Prime; uncode_shortcode_id=\u00a0\u00bb104310&Prime;][\/vc_column][\/vc_row]<\/p>\n<\/div>","protected":false},"excerpt":{"rendered":"<p>[vc_row][vc_column column_width_percent=\u00a0\u00bb75&Prime; gutter_size=\u00a0\u00bb3&Prime; overlay_alpha=\u00a0\u00bb50&Prime; shift_x=\u00a0\u00bb0&Prime; shift_y=\u00a0\u00bb0&Prime; shift_y_down=\u00a0\u00bb0&Prime; z_index=\u00a0\u00bb0&Prime; medium_width=\u00a0\u00bb0&Prime; mobile_width=\u00a0\u00bb0&Prime; width=\u00a0\u00bb1\/1&Prime; uncode_shortcode_id=\u00a0\u00bb105443&Prime;][vc_custom_heading heading_semantic=\u00a0\u00bbh1&Prime; text_size=\u00a0\u00bbh1&Prime; uncode_shortcode_id=\u00a0\u00bb405226&Prime;] Un mariage en for\u00eat dans [&hellip;]<\/p>\n","protected":false},"author":1,"featured_media":83981,"comment_status":"closed","ping_status":"closed","sticky":false,"template":"","format":"standard","meta":{"footnotes":""},"categories":[29],"tags":[],"class_list":["post-83977","post","type-post","status-publish","format-standard","has-post-thumbnail","hentry","category-tout"],"psp_head":"<title>Mariage dans le P\u00e9rigord Noir : photographe de mariage \u00e0 Lyon<\/title>\r\n<meta name=\"description\" content=\"Le mariage Thuy et Adrien au c\u0153ur du P\u00e9rigord Noir aux Domaine de La Fage, par ILB Story, photographe de mariage \u00e0 Lyon.\" \/>\r\n<meta name=\"robots\" content=\"index,follow\" \/>\r\n<link rel=\"canonical\" href=\"https:\/\/www.ilbstory.com\/blog-photographe\/perigord-noir-photographe-mariage-lyon\/\" \/>\r\n","_links":{"self":[{"href":"https:\/\/www.ilbstory.com\/blog-photographe\/wp-json\/wp\/v2\/posts\/83977","targetHints":{"allow":["GET"]}}],"collection":[{"href":"https:\/\/www.ilbstory.com\/blog-photographe\/wp-json\/wp\/v2\/posts"}],"about":[{"href":"https:\/\/www.ilbstory.com\/blog-photographe\/wp-json\/wp\/v2\/types\/post"}],"author":[{"embeddable":true,"href":"https:\/\/www.ilbstory.com\/blog-photographe\/wp-json\/wp\/v2\/users\/1"}],"replies":[{"embeddable":true,"href":"https:\/\/www.ilbstory.com\/blog-photographe\/wp-json\/wp\/v2\/comments?post=83977"}],"version-history":[{"count":5,"href":"https:\/\/www.ilbstory.com\/blog-photographe\/wp-json\/wp\/v2\/posts\/83977\/revisions"}],"predecessor-version":[{"id":84000,"href":"https:\/\/www.ilbstory.com\/blog-photographe\/wp-json\/wp\/v2\/posts\/83977\/revisions\/84000"}],"wp:featuredmedia":[{"embeddable":true,"href":"https:\/\/www.ilbstory.com\/blog-photographe\/wp-json\/wp\/v2\/media\/83981"}],"wp:attachment":[{"href":"https:\/\/www.ilbstory.com\/blog-photographe\/wp-json\/wp\/v2\/media?parent=83977"}],"wp:term":[{"taxonomy":"category","embeddable":true,"href":"https:\/\/www.ilbstory.com\/blog-photographe\/wp-json\/wp\/v2\/categories?post=83977"},{"taxonomy":"post_tag","embeddable":true,"href":"https:\/\/www.ilbstory.com\/blog-photographe\/wp-json\/wp\/v2\/tags?post=83977"}],"curies":[{"name":"wp","href":"https:\/\/api.w.org\/{rel}","templated":true}]}}