{"id":82823,"date":"2022-06-07T15:02:52","date_gmt":"2022-06-07T14:02:52","guid":{"rendered":"https:\/\/www.ilbstory.com\/blog-photographe\/?p=82823"},"modified":"2024-03-10T15:08:42","modified_gmt":"2024-03-10T14:08:42","slug":"mariage-au-manoir-de-la-garde-a-jarnioux","status":"publish","type":"post","link":"https:\/\/www.ilbstory.com\/blog-photographe\/mariage-au-manoir-de-la-garde-a-jarnioux\/","title":{"rendered":"Mariage au Manoir de la Garde \u00e0 Jarnioux"},"content":{"rendered":"<div class=\"wpb-content-wrapper\"><p>[vc_row][vc_column column_width_percent=\u00a0\u00bb80&Prime; gutter_size=\u00a0\u00bb3&Prime; overlay_alpha=\u00a0\u00bb50&Prime; shift_x=\u00a0\u00bb0&Prime; shift_y=\u00a0\u00bb0&Prime; shift_y_down=\u00a0\u00bb0&Prime; z_index=\u00a0\u00bb0&Prime; medium_width=\u00a0\u00bb0&Prime; mobile_width=\u00a0\u00bb0&Prime; width=\u00a0\u00bb1\/1&Prime;][vc_custom_heading heading_semantic=\u00a0\u00bbh1&Prime; text_font=\u00a0\u00bbfont-169825&Prime; text_size=\u00a0\u00bbh1&Prime; text_weight=\u00a0\u00bb700&Prime; text_height=\u00a0\u00bb\u00a0\u00bb uncode_shortcode_id=\u00a0\u00bb108657&Prime;]<\/p>\n<h1>Un conte de f\u00e9es : Mariage au Manoir de la Garde \u00e0 Jarnioux &#8211; Photographe de mariage \u00e0 Lyon<\/h1>\n<p>[\/vc_custom_heading][vc_column_text text_lead=\u00a0\u00bbyes\u00a0\u00bb uncode_shortcode_id=\u00a0\u00bb211739&Prime;]En tant que photographe de mariage \u00e0 Lyon, j&rsquo;ai eu le privil\u00e8ge de capturer des moments uniques dans certains des lieux les plus beaux de la r\u00e9gion. L&rsquo;un de ces moments fut le mariage de Marie et Marius, un couple extraordinaire qui a choisi le magnifique Manoir de la Garde \u00e0 Jarnioux pour c\u00e9l\u00e9brer leur union. Cet article vous emm\u00e8ne \u00e0 travers leur journ\u00e9e, refl\u00e9tant leur union \u00e0 travers les photos.[\/vc_column_text][\/vc_column][\/vc_row][vc_row row_height_percent=\u00a0\u00bb0&Prime; overlay_alpha=\u00a0\u00bb50&Prime; gutter_size=\u00a0\u00bb3&Prime; column_width_percent=\u00a0\u00bb100&Prime; shift_y=\u00a0\u00bb0&Prime; z_index=\u00a0\u00bb0&Prime;][vc_column column_width_percent=\u00a0\u00bb100&Prime; gutter_size=\u00a0\u00bb3&Prime; overlay_alpha=\u00a0\u00bb50&Prime; shift_x=\u00a0\u00bb0&Prime; shift_y=\u00a0\u00bb0&Prime; shift_y_down=\u00a0\u00bb0&Prime; z_index=\u00a0\u00bb0&Prime; medium_width=\u00a0\u00bb0&Prime; mobile_width=\u00a0\u00bb0&Prime; width=\u00a0\u00bb1\/1&Prime;][vc_column_text uncode_shortcode_id=\u00a0\u00bb130502&Prime;]<\/p>\n<p style=\"text-align: center;\"><img decoding=\"async\" src=\"https:\/\/www.ilbstory.com\/blog-photographe\/wp-content\/uploads\/marie-et-marius\/mariage-au-manoir-de-la-garde-a-jarnioux-001.webp\" \/><br \/>\n<img decoding=\"async\" src=\"https:\/\/www.ilbstory.com\/blog-photographe\/wp-content\/uploads\/marie-et-marius\/mariage-au-manoir-de-la-garde-a-jarnioux-002.webp\" \/><br \/>\n<img decoding=\"async\" src=\"https:\/\/www.ilbstory.com\/blog-photographe\/wp-content\/uploads\/marie-et-marius\/mariage-au-manoir-de-la-garde-a-jarnioux-003.webp\" \/><br \/>\n<img decoding=\"async\" src=\"https:\/\/www.ilbstory.com\/blog-photographe\/wp-content\/uploads\/marie-et-marius\/mariage-au-manoir-de-la-garde-a-jarnioux-004.webp\" \/><br \/>\n<img decoding=\"async\" src=\"https:\/\/www.ilbstory.com\/blog-photographe\/wp-content\/uploads\/marie-et-marius\/mariage-au-manoir-de-la-garde-a-jarnioux-005.webp\" \/><br \/>\n<img decoding=\"async\" src=\"https:\/\/www.ilbstory.com\/blog-photographe\/wp-content\/uploads\/marie-et-marius\/mariage-au-manoir-de-la-garde-a-jarnioux-006.webp\" \/><br \/>\n<img decoding=\"async\" src=\"https:\/\/www.ilbstory.com\/blog-photographe\/wp-content\/uploads\/marie-et-marius\/mariage-au-manoir-de-la-garde-a-jarnioux-007.webp\" \/><br \/>\n<img decoding=\"async\" src=\"https:\/\/www.ilbstory.com\/blog-photographe\/wp-content\/uploads\/marie-et-marius\/mariage-au-manoir-de-la-garde-a-jarnioux-008.webp\" \/><br \/>\n<img decoding=\"async\" src=\"https:\/\/www.ilbstory.com\/blog-photographe\/wp-content\/uploads\/marie-et-marius\/mariage-au-manoir-de-la-garde-a-jarnioux-009.webp\" \/><br \/>\n<img decoding=\"async\" src=\"https:\/\/www.ilbstory.com\/blog-photographe\/wp-content\/uploads\/marie-et-marius\/mariage-au-manoir-de-la-garde-a-jarnioux-010.webp\" \/><br \/>\n<img decoding=\"async\" src=\"https:\/\/www.ilbstory.com\/blog-photographe\/wp-content\/uploads\/marie-et-marius\/mariage-au-manoir-de-la-garde-a-jarnioux-011.webp\" \/><br \/>\n<img decoding=\"async\" src=\"https:\/\/www.ilbstory.com\/blog-photographe\/wp-content\/uploads\/marie-et-marius\/mariage-au-manoir-de-la-garde-a-jarnioux-012.webp\" \/><br \/>\n<img decoding=\"async\" src=\"https:\/\/www.ilbstory.com\/blog-photographe\/wp-content\/uploads\/marie-et-marius\/mariage-au-manoir-de-la-garde-a-jarnioux-013.webp\" \/><br \/>\n<img decoding=\"async\" src=\"https:\/\/www.ilbstory.com\/blog-photographe\/wp-content\/uploads\/marie-et-marius\/mariage-au-manoir-de-la-garde-a-jarnioux-014.webp\" \/><br \/>\n<img decoding=\"async\" src=\"https:\/\/www.ilbstory.com\/blog-photographe\/wp-content\/uploads\/marie-et-marius\/mariage-au-manoir-de-la-garde-a-jarnioux-015.webp\" \/><br \/>\n<img decoding=\"async\" src=\"https:\/\/www.ilbstory.com\/blog-photographe\/wp-content\/uploads\/marie-et-marius\/mariage-au-manoir-de-la-garde-a-jarnioux-016.webp\" \/><br \/>\n<img decoding=\"async\" src=\"https:\/\/www.ilbstory.com\/blog-photographe\/wp-content\/uploads\/marie-et-marius\/mariage-au-manoir-de-la-garde-a-jarnioux-017.webp\" \/><br \/>\n<img decoding=\"async\" src=\"https:\/\/www.ilbstory.com\/blog-photographe\/wp-content\/uploads\/marie-et-marius\/mariage-au-manoir-de-la-garde-a-jarnioux-018.webp\" \/><br \/>\n<img decoding=\"async\" src=\"https:\/\/www.ilbstory.com\/blog-photographe\/wp-content\/uploads\/marie-et-marius\/mariage-au-manoir-de-la-garde-a-jarnioux-019.webp\" \/><br \/>\n<img decoding=\"async\" src=\"https:\/\/www.ilbstory.com\/blog-photographe\/wp-content\/uploads\/marie-et-marius\/mariage-au-manoir-de-la-garde-a-jarnioux-020.webp\" \/><br \/>\n<img decoding=\"async\" src=\"https:\/\/www.ilbstory.com\/blog-photographe\/wp-content\/uploads\/marie-et-marius\/mariage-au-manoir-de-la-garde-a-jarnioux-021.webp\" \/><br \/>\n<img decoding=\"async\" src=\"https:\/\/www.ilbstory.com\/blog-photographe\/wp-content\/uploads\/marie-et-marius\/mariage-au-manoir-de-la-garde-a-jarnioux-022.webp\" \/><br \/>\n<img decoding=\"async\" src=\"https:\/\/www.ilbstory.com\/blog-photographe\/wp-content\/uploads\/marie-et-marius\/mariage-au-manoir-de-la-garde-a-jarnioux-023.webp\" \/><br \/>\n<img decoding=\"async\" src=\"https:\/\/www.ilbstory.com\/blog-photographe\/wp-content\/uploads\/marie-et-marius\/mariage-au-manoir-de-la-garde-a-jarnioux-024.webp\" \/><br \/>\n<img decoding=\"async\" src=\"https:\/\/www.ilbstory.com\/blog-photographe\/wp-content\/uploads\/marie-et-marius\/mariage-au-manoir-de-la-garde-a-jarnioux-025.webp\" \/><br \/>\n<img decoding=\"async\" src=\"https:\/\/www.ilbstory.com\/blog-photographe\/wp-content\/uploads\/marie-et-marius\/mariage-au-manoir-de-la-garde-a-jarnioux-026.webp\" \/><br \/>\n<img decoding=\"async\" src=\"https:\/\/www.ilbstory.com\/blog-photographe\/wp-content\/uploads\/marie-et-marius\/mariage-au-manoir-de-la-garde-a-jarnioux-027.webp\" \/><br \/>\n<img decoding=\"async\" src=\"https:\/\/www.ilbstory.com\/blog-photographe\/wp-content\/uploads\/marie-et-marius\/mariage-au-manoir-de-la-garde-a-jarnioux-028.webp\" \/><br \/>\n<img decoding=\"async\" src=\"https:\/\/www.ilbstory.com\/blog-photographe\/wp-content\/uploads\/marie-et-marius\/mariage-au-manoir-de-la-garde-a-jarnioux-029.webp\" \/><br \/>\n<img decoding=\"async\" src=\"https:\/\/www.ilbstory.com\/blog-photographe\/wp-content\/uploads\/marie-et-marius\/mariage-au-manoir-de-la-garde-a-jarnioux-030.webp\" \/><\/p>\n<h2>La rencontre avec Marie et Marius pour leur mariage \u00e0 Lyon<\/h2>\n<p>Marie et Marius, un couple vibrant r\u00e9sidant \u00e0 l&rsquo;\u00e9tranger, ont choisi de s&rsquo;unir dans la r\u00e9gion du Beaujolais, non loin de Lyon. Ma premi\u00e8re rencontre avec Marius, passionn\u00e9 de photographie, a r\u00e9v\u00e9l\u00e9 une multitude de points communs, notamment notre appr\u00e9ciation pour le m\u00e9lange des cultures orientales et occidentales. Lorsque j&rsquo;ai rencontr\u00e9 Marie le jour de leur mariage, sa douceur, son authenticit\u00e9 et sa bienveillance m&rsquo;ont profond\u00e9ment touch\u00e9. Ce fut le d\u00e9but d&rsquo;une journ\u00e9e o\u00f9 chaque moment semblait \u00eatre charg\u00e9 d&rsquo;\u00e9motions et de significations.<\/p>\n<p style=\"text-align: center;\"><img decoding=\"async\" src=\"https:\/\/www.ilbstory.com\/blog-photographe\/wp-content\/uploads\/marie-et-marius\/mariage-au-manoir-de-la-garde-a-jarnioux-031.webp\" \/><br \/>\n<img decoding=\"async\" src=\"https:\/\/www.ilbstory.com\/blog-photographe\/wp-content\/uploads\/marie-et-marius\/mariage-au-manoir-de-la-garde-a-jarnioux-032.webp\" \/><br \/>\n<img decoding=\"async\" src=\"https:\/\/www.ilbstory.com\/blog-photographe\/wp-content\/uploads\/marie-et-marius\/mariage-au-manoir-de-la-garde-a-jarnioux-033.webp\" \/><br \/>\n<img decoding=\"async\" src=\"https:\/\/www.ilbstory.com\/blog-photographe\/wp-content\/uploads\/marie-et-marius\/mariage-au-manoir-de-la-garde-a-jarnioux-034.webp\" \/><br \/>\n<img decoding=\"async\" src=\"https:\/\/www.ilbstory.com\/blog-photographe\/wp-content\/uploads\/marie-et-marius\/mariage-au-manoir-de-la-garde-a-jarnioux-035.webp\" \/><br \/>\n<img decoding=\"async\" src=\"https:\/\/www.ilbstory.com\/blog-photographe\/wp-content\/uploads\/marie-et-marius\/mariage-au-manoir-de-la-garde-a-jarnioux-036.webp\" \/><br \/>\n<img decoding=\"async\" src=\"https:\/\/www.ilbstory.com\/blog-photographe\/wp-content\/uploads\/marie-et-marius\/mariage-au-manoir-de-la-garde-a-jarnioux-037.webp\" \/><br \/>\n<img decoding=\"async\" src=\"https:\/\/www.ilbstory.com\/blog-photographe\/wp-content\/uploads\/marie-et-marius\/mariage-au-manoir-de-la-garde-a-jarnioux-038.webp\" \/><br \/>\n<img decoding=\"async\" src=\"https:\/\/www.ilbstory.com\/blog-photographe\/wp-content\/uploads\/marie-et-marius\/mariage-au-manoir-de-la-garde-a-jarnioux-039.webp\" \/><br \/>\n<img decoding=\"async\" src=\"https:\/\/www.ilbstory.com\/blog-photographe\/wp-content\/uploads\/marie-et-marius\/mariage-au-manoir-de-la-garde-a-jarnioux-040.webp\" \/><br \/>\n<img decoding=\"async\" src=\"https:\/\/www.ilbstory.com\/blog-photographe\/wp-content\/uploads\/marie-et-marius\/mariage-au-manoir-de-la-garde-a-jarnioux-041.webp\" \/><br \/>\n<img decoding=\"async\" src=\"https:\/\/www.ilbstory.com\/blog-photographe\/wp-content\/uploads\/marie-et-marius\/mariage-au-manoir-de-la-garde-a-jarnioux-042.webp\" \/><br \/>\n<img decoding=\"async\" src=\"https:\/\/www.ilbstory.com\/blog-photographe\/wp-content\/uploads\/marie-et-marius\/mariage-au-manoir-de-la-garde-a-jarnioux-043.webp\" \/><br \/>\n<img decoding=\"async\" src=\"https:\/\/www.ilbstory.com\/blog-photographe\/wp-content\/uploads\/marie-et-marius\/mariage-au-manoir-de-la-garde-a-jarnioux-044.webp\" \/><br \/>\n<img decoding=\"async\" src=\"https:\/\/www.ilbstory.com\/blog-photographe\/wp-content\/uploads\/marie-et-marius\/mariage-au-manoir-de-la-garde-a-jarnioux-045.webp\" \/><br \/>\n<img decoding=\"async\" src=\"https:\/\/www.ilbstory.com\/blog-photographe\/wp-content\/uploads\/marie-et-marius\/mariage-au-manoir-de-la-garde-a-jarnioux-046.webp\" \/><br \/>\n<img decoding=\"async\" src=\"https:\/\/www.ilbstory.com\/blog-photographe\/wp-content\/uploads\/marie-et-marius\/mariage-au-manoir-de-la-garde-a-jarnioux-047.webp\" \/><br \/>\n<img decoding=\"async\" src=\"https:\/\/www.ilbstory.com\/blog-photographe\/wp-content\/uploads\/marie-et-marius\/mariage-au-manoir-de-la-garde-a-jarnioux-048.webp\" \/><br \/>\n<img decoding=\"async\" src=\"https:\/\/www.ilbstory.com\/blog-photographe\/wp-content\/uploads\/marie-et-marius\/mariage-au-manoir-de-la-garde-a-jarnioux-049.webp\" \/><br \/>\n<img decoding=\"async\" src=\"https:\/\/www.ilbstory.com\/blog-photographe\/wp-content\/uploads\/marie-et-marius\/mariage-au-manoir-de-la-garde-a-jarnioux-050.webp\" \/><\/p>\n<h2>Le Manoir de la Garde : Un lieu idyllique<\/h2>\n<p>Le Manoir de la Garde, avec son architecture traditionnelle en pierres dor\u00e9es et ses jardins luxuriants, offre un cadre idyllique pour les mariages. Class\u00e9 monument historique, ce lieu est non seulement connu pour sa beaut\u00e9 mais aussi pour sa journ\u00e9e des plantes, attirant les amateurs de botanique avec des esp\u00e8ces rares. Photographier un mariage ici, c&rsquo;est capturer des moments authentiques dans un d\u00e9cor qui semble tout droit sorti d&rsquo;un conte de f\u00e9es.<\/p>\n<p style=\"text-align: center;\"><img decoding=\"async\" src=\"https:\/\/www.ilbstory.com\/blog-photographe\/wp-content\/uploads\/marie-et-marius\/mariage-au-manoir-de-la-garde-a-jarnioux-051.webp\" \/><br \/>\n<img decoding=\"async\" src=\"https:\/\/www.ilbstory.com\/blog-photographe\/wp-content\/uploads\/marie-et-marius\/mariage-au-manoir-de-la-garde-a-jarnioux-052.webp\" \/><br \/>\n<img decoding=\"async\" src=\"https:\/\/www.ilbstory.com\/blog-photographe\/wp-content\/uploads\/marie-et-marius\/mariage-au-manoir-de-la-garde-a-jarnioux-053.webp\" \/><br \/>\n<img decoding=\"async\" src=\"https:\/\/www.ilbstory.com\/blog-photographe\/wp-content\/uploads\/marie-et-marius\/mariage-au-manoir-de-la-garde-a-jarnioux-054.webp\" \/><br \/>\n<img decoding=\"async\" src=\"https:\/\/www.ilbstory.com\/blog-photographe\/wp-content\/uploads\/marie-et-marius\/mariage-au-manoir-de-la-garde-a-jarnioux-055.webp\" \/><\/p>\n<h2>Photo de mariage<\/h2>\n<p>La journ\u00e9e de mariage de Marie et Marius a \u00e9t\u00e9 riche en moments forts, depuis les pr\u00e9paratifs matinaux jusqu&rsquo;\u00e0 la c\u00e9l\u00e9bration nocturne. En tant que photographe de mariage \u00e0 Lyon, mon objectif \u00e9tait de saisir l&rsquo;authenticit\u00e9 de leurs \u00e9motions et la beaut\u00e9 de leur amour. Que ce soit lors de l&rsquo;\u00e9change des v\u0153ux ou des danses endiabl\u00e9es, chaque clich\u00e9 visait \u00e0 raconter une histoire, celle de leur union et de la joie partag\u00e9e avec leurs invit\u00e9s.<\/p>\n<p style=\"text-align: center;\"><img decoding=\"async\" src=\"https:\/\/www.ilbstory.com\/blog-photographe\/wp-content\/uploads\/marie-et-marius\/mariage-au-manoir-de-la-garde-a-jarnioux-056.webp\" \/><br \/>\n<img decoding=\"async\" src=\"https:\/\/www.ilbstory.com\/blog-photographe\/wp-content\/uploads\/marie-et-marius\/mariage-au-manoir-de-la-garde-a-jarnioux-057.webp\" \/><br \/>\n<img decoding=\"async\" src=\"https:\/\/www.ilbstory.com\/blog-photographe\/wp-content\/uploads\/marie-et-marius\/mariage-au-manoir-de-la-garde-a-jarnioux-058.webp\" \/><br \/>\n<img decoding=\"async\" src=\"https:\/\/www.ilbstory.com\/blog-photographe\/wp-content\/uploads\/marie-et-marius\/mariage-au-manoir-de-la-garde-a-jarnioux-059.webp\" \/><br \/>\n<img decoding=\"async\" src=\"https:\/\/www.ilbstory.com\/blog-photographe\/wp-content\/uploads\/marie-et-marius\/mariage-au-manoir-de-la-garde-a-jarnioux-060.webp\" \/><br \/>\n<img decoding=\"async\" src=\"https:\/\/www.ilbstory.com\/blog-photographe\/wp-content\/uploads\/marie-et-marius\/mariage-au-manoir-de-la-garde-a-jarnioux-061.webp\" \/><br \/>\n<img decoding=\"async\" src=\"https:\/\/www.ilbstory.com\/blog-photographe\/wp-content\/uploads\/marie-et-marius\/mariage-au-manoir-de-la-garde-a-jarnioux-062.webp\" \/><br \/>\n<img decoding=\"async\" src=\"https:\/\/www.ilbstory.com\/blog-photographe\/wp-content\/uploads\/marie-et-marius\/mariage-au-manoir-de-la-garde-a-jarnioux-063.webp\" \/><br \/>\n<img decoding=\"async\" src=\"https:\/\/www.ilbstory.com\/blog-photographe\/wp-content\/uploads\/marie-et-marius\/mariage-au-manoir-de-la-garde-a-jarnioux-064.webp\" \/><br \/>\n<img decoding=\"async\" src=\"https:\/\/www.ilbstory.com\/blog-photographe\/wp-content\/uploads\/marie-et-marius\/mariage-au-manoir-de-la-garde-a-jarnioux-065.webp\" \/><br \/>\n<img decoding=\"async\" src=\"https:\/\/www.ilbstory.com\/blog-photographe\/wp-content\/uploads\/marie-et-marius\/mariage-au-manoir-de-la-garde-a-jarnioux-066.webp\" \/><br \/>\n<img decoding=\"async\" src=\"https:\/\/www.ilbstory.com\/blog-photographe\/wp-content\/uploads\/marie-et-marius\/mariage-au-manoir-de-la-garde-a-jarnioux-067.webp\" \/><br \/>\n<img decoding=\"async\" src=\"https:\/\/www.ilbstory.com\/blog-photographe\/wp-content\/uploads\/marie-et-marius\/mariage-au-manoir-de-la-garde-a-jarnioux-068.webp\" \/><br \/>\n<img decoding=\"async\" src=\"https:\/\/www.ilbstory.com\/blog-photographe\/wp-content\/uploads\/marie-et-marius\/mariage-au-manoir-de-la-garde-a-jarnioux-069.webp\" \/><br \/>\n<img decoding=\"async\" src=\"https:\/\/www.ilbstory.com\/blog-photographe\/wp-content\/uploads\/marie-et-marius\/mariage-au-manoir-de-la-garde-a-jarnioux-070.webp\" \/><br \/>\n<img decoding=\"async\" src=\"https:\/\/www.ilbstory.com\/blog-photographe\/wp-content\/uploads\/marie-et-marius\/mariage-au-manoir-de-la-garde-a-jarnioux-071.webp\" \/><br \/>\n<img decoding=\"async\" src=\"https:\/\/www.ilbstory.com\/blog-photographe\/wp-content\/uploads\/marie-et-marius\/mariage-au-manoir-de-la-garde-a-jarnioux-072.webp\" \/><br \/>\n<img decoding=\"async\" src=\"https:\/\/www.ilbstory.com\/blog-photographe\/wp-content\/uploads\/marie-et-marius\/mariage-au-manoir-de-la-garde-a-jarnioux-073.webp\" \/><\/p>\n<h2>Techniques pour un photographe de mariage \u00e0 Lyon<\/h2>\n<p>La photographie de mariage au Manoir de la Garde \u00e0 Jarnioux pr\u00e9sente des opportunit\u00e9s et des d\u00e9fis uniques. La lumi\u00e8re naturelle, changeante au fil de la journ\u00e9e, n\u00e9cessite une adaptation constante pour capturer des images claires et vibrantes. J&rsquo;ai utilis\u00e9 une combinaison de photographie en lumi\u00e8re naturelle et d&rsquo;\u00e9clairage d&rsquo;appoint pour mettre en valeur les moments cl\u00e9s, tout en pr\u00e9servant l&rsquo;atmosph\u00e8re intime et magique du lieu.<\/p>\n<h2>L&rsquo;importance du choix du lieu<\/h2>\n<p>Le choix du Manoir de la Garde \u00e0 Jarnioux par Marie et Marius n&rsquo;\u00e9tait pas anodin. Ce lieu, au-del\u00e0 de sa beaut\u00e9, refl\u00e9tait leur personnalit\u00e9 et leur style. Pour les futurs mari\u00e9s, choisir un lieu qui parle \u00e0 votre c\u0153ur est essentiel. Il devient le d\u00e9cor de vos souvenirs les plus pr\u00e9cieux, captur\u00e9s \u00e0 jamais par le photographe de mariage.<\/p>\n<p style=\"text-align: center;\"><img decoding=\"async\" src=\"https:\/\/www.ilbstory.com\/blog-photographe\/wp-content\/uploads\/marie-et-marius\/mariage-au-manoir-de-la-garde-a-jarnioux-074.webp\" \/><br \/>\n<img decoding=\"async\" src=\"https:\/\/www.ilbstory.com\/blog-photographe\/wp-content\/uploads\/marie-et-marius\/mariage-au-manoir-de-la-garde-a-jarnioux-075.webp\" \/><br \/>\n<img decoding=\"async\" src=\"https:\/\/www.ilbstory.com\/blog-photographe\/wp-content\/uploads\/marie-et-marius\/mariage-au-manoir-de-la-garde-a-jarnioux-076.webp\" \/><br \/>\n<img decoding=\"async\" src=\"https:\/\/www.ilbstory.com\/blog-photographe\/wp-content\/uploads\/marie-et-marius\/mariage-au-manoir-de-la-garde-a-jarnioux-077.webp\" \/><br \/>\n<img decoding=\"async\" src=\"https:\/\/www.ilbstory.com\/blog-photographe\/wp-content\/uploads\/marie-et-marius\/mariage-au-manoir-de-la-garde-a-jarnioux-078.webp\" \/><br \/>\n<img decoding=\"async\" src=\"https:\/\/www.ilbstory.com\/blog-photographe\/wp-content\/uploads\/marie-et-marius\/mariage-au-manoir-de-la-garde-a-jarnioux-079.webp\" \/><br \/>\n<img decoding=\"async\" src=\"https:\/\/www.ilbstory.com\/blog-photographe\/wp-content\/uploads\/marie-et-marius\/mariage-au-manoir-de-la-garde-a-jarnioux-080.webp\" \/><br \/>\n<img decoding=\"async\" src=\"https:\/\/www.ilbstory.com\/blog-photographe\/wp-content\/uploads\/marie-et-marius\/mariage-au-manoir-de-la-garde-a-jarnioux-081.webp\" \/><br \/>\n<img decoding=\"async\" src=\"https:\/\/www.ilbstory.com\/blog-photographe\/wp-content\/uploads\/marie-et-marius\/mariage-au-manoir-de-la-garde-a-jarnioux-082.webp\" \/><br \/>\n<img decoding=\"async\" src=\"https:\/\/www.ilbstory.com\/blog-photographe\/wp-content\/uploads\/marie-et-marius\/mariage-au-manoir-de-la-garde-a-jarnioux-083.webp\" \/><br \/>\n<img decoding=\"async\" src=\"https:\/\/www.ilbstory.com\/blog-photographe\/wp-content\/uploads\/marie-et-marius\/mariage-au-manoir-de-la-garde-a-jarnioux-084.webp\" \/><br \/>\n<img decoding=\"async\" src=\"https:\/\/www.ilbstory.com\/blog-photographe\/wp-content\/uploads\/marie-et-marius\/mariage-au-manoir-de-la-garde-a-jarnioux-085.webp\" \/><\/p>\n<h2>Conseils pour les futurs mari\u00e9s : par un photographe de mariage<\/h2>\n<p>Travailler avec un photographe de mariage, c&rsquo;est cr\u00e9er une relation de confiance et de compr\u00e9hension. Mon conseil pour les futurs mari\u00e9s est de choisir un photographe avec lequel vous vous sentez en connexion, quelqu&rsquo;un qui comprend votre vision et est capable de la traduire en images. Discutez ouvertement de vos attentes, de vos souhaits et assurez vous que votre photographe est \u00e0 l&rsquo;\u00e9coute de vos besoins.<\/p>\n<h2>Manoir de la Garde \u00e0 Jarnioux : ilb story photographe de mariage \u00e0 Lyon<\/h2>\n<p>Le mariage de Marie et Marius au Manoir de la Garde \u00e0 Jarnioux a \u00e9t\u00e9 une journ\u00e9e inoubliable, non seulement pour le couple mais aussi pour moi, en tant que <a href=\"https:\/\/www.ilbstory.com\/\" target=\"_blank\" rel=\"noopener\"><span style=\"color: #800000;\">photographe de mariage \u00e0 Lyon<\/span><\/a>. Chaque couple est unique, et capturer une journ\u00e9e comme celle-ci rend ma profession enrichissante. Si vous planifiez votre mariage \u00e0 Lyon ou dans ses environs et que vous cherchez un photographe capable de saisir la magie de votre grand jour, n&rsquo;h\u00e9sitez pas \u00e0 me contacter. Ensemble, cr\u00e9ons des souvenirs qui vous ressemblent.[\/vc_column_text][\/vc_column][\/vc_row][vc_row][vc_column width=\u00a0\u00bb1\/1&Prime;][uncode_index loop=\u00a0\u00bbsize:3|order_by:date|post_type:post|by_id:6277,1359|taxonomy_count:10&Prime; screen_lg=\u00a0\u00bb1000&Prime; screen_md=\u00a0\u00bb600&Prime; screen_sm=\u00a0\u00bb480&Prime; gutter_size=\u00a0\u00bb3&Prime; post_items=\u00a0\u00bbmedia|featured|onpost|original,title\u00a0\u00bb single_overlay_opacity=\u00a0\u00bb50&Prime; single_padding=\u00a0\u00bb2&Prime; uncode_shortcode_id=\u00a0\u00bb211969&Prime;][\/vc_column][\/vc_row]<\/p>\n<\/div>","protected":false},"excerpt":{"rendered":"<p>[vc_row][vc_column column_width_percent=\u00a0\u00bb80&Prime; gutter_size=\u00a0\u00bb3&Prime; overlay_alpha=\u00a0\u00bb50&Prime; shift_x=\u00a0\u00bb0&Prime; shift_y=\u00a0\u00bb0&Prime; shift_y_down=\u00a0\u00bb0&Prime; z_index=\u00a0\u00bb0&Prime; medium_width=\u00a0\u00bb0&Prime; mobile_width=\u00a0\u00bb0&Prime; width=\u00a0\u00bb1\/1&Prime;][vc_custom_heading heading_semantic=\u00a0\u00bbh1&Prime; text_font=\u00a0\u00bbfont-169825&Prime; text_size=\u00a0\u00bbh1&Prime; text_weight=\u00a0\u00bb700&Prime; text_height=\u00a0\u00bb\u00a0\u00bb uncode_shortcode_id=\u00a0\u00bb108657&Prime;] Un conte de [&hellip;]<\/p>\n","protected":false},"author":1,"featured_media":83276,"comment_status":"open","ping_status":"open","sticky":false,"template":"","format":"standard","meta":{"footnotes":""},"categories":[29],"tags":[],"class_list":["post-82823","post","type-post","status-publish","format-standard","has-post-thumbnail","hentry","category-tout"],"psp_head":"<title>Mariage au Manoir de la Garde \u00e0 Jarnioux - Photographe mariage lyon<\/title>\r\n<meta name=\"description\" content=\"Photographe mariage Lyon - Je suis tr\u00e8s heureux de vous pr\u00e9senter le reportage photo de Marie &amp; Marius qui se sont unis au Manoir de la Garde \u00e0 Jarnioux dans le Beaujolais.\" \/>\r\n<meta name=\"robots\" content=\"index,follow\" \/>\r\n<link rel=\"canonical\" href=\"https:\/\/www.ilbstory.com\/blog-photographe\/mariage-au-manoir-de-la-garde-a-jarnioux\/\" \/>\r\n","_links":{"self":[{"href":"https:\/\/www.ilbstory.com\/blog-photographe\/wp-json\/wp\/v2\/posts\/82823","targetHints":{"allow":["GET"]}}],"collection":[{"href":"https:\/\/www.ilbstory.com\/blog-photographe\/wp-json\/wp\/v2\/posts"}],"about":[{"href":"https:\/\/www.ilbstory.com\/blog-photographe\/wp-json\/wp\/v2\/types\/post"}],"author":[{"embeddable":true,"href":"https:\/\/www.ilbstory.com\/blog-photographe\/wp-json\/wp\/v2\/users\/1"}],"replies":[{"embeddable":true,"href":"https:\/\/www.ilbstory.com\/blog-photographe\/wp-json\/wp\/v2\/comments?post=82823"}],"version-history":[{"count":17,"href":"https:\/\/www.ilbstory.com\/blog-photographe\/wp-json\/wp\/v2\/posts\/82823\/revisions"}],"predecessor-version":[{"id":83816,"href":"https:\/\/www.ilbstory.com\/blog-photographe\/wp-json\/wp\/v2\/posts\/82823\/revisions\/83816"}],"wp:featuredmedia":[{"embeddable":true,"href":"https:\/\/www.ilbstory.com\/blog-photographe\/wp-json\/wp\/v2\/media\/83276"}],"wp:attachment":[{"href":"https:\/\/www.ilbstory.com\/blog-photographe\/wp-json\/wp\/v2\/media?parent=82823"}],"wp:term":[{"taxonomy":"category","embeddable":true,"href":"https:\/\/www.ilbstory.com\/blog-photographe\/wp-json\/wp\/v2\/categories?post=82823"},{"taxonomy":"post_tag","embeddable":true,"href":"https:\/\/www.ilbstory.com\/blog-photographe\/wp-json\/wp\/v2\/tags?post=82823"}],"curies":[{"name":"wp","href":"https:\/\/api.w.org\/{rel}","templated":true}]}}