{"id":6478,"date":"2022-11-01T21:02:43","date_gmt":"2022-11-01T20:02:43","guid":{"rendered":"http:\/\/www.ilbstory.com\/blog-photographe\/?p=6478"},"modified":"2024-04-28T16:43:18","modified_gmt":"2024-04-28T15:43:18","slug":"mariage-kim-aymeric","status":"publish","type":"post","link":"https:\/\/www.ilbstory.com\/blog-photographe\/mariage-kim-aymeric\/","title":{"rendered":"Mariage de Kim &#038; Aymeric"},"content":{"rendered":"<div class=\"wpb-content-wrapper\"><p>[vc_row][vc_column column_width_percent=\u00a0\u00bb75&Prime; gutter_size=\u00a0\u00bb3&Prime; overlay_alpha=\u00a0\u00bb50&Prime; shift_x=\u00a0\u00bb0&Prime; shift_y=\u00a0\u00bb0&Prime; shift_y_down=\u00a0\u00bb0&Prime; z_index=\u00a0\u00bb0&Prime; medium_width=\u00a0\u00bb0&Prime; mobile_width=\u00a0\u00bb0&Prime; width=\u00a0\u00bb1\/1&Prime; uncode_shortcode_id=\u00a0\u00bb405559&Prime;][vc_custom_heading text_color=\u00a0\u00bbcolor-jevc\u00a0\u00bb heading_semantic=\u00a0\u00bbh1&Prime; text_font=\u00a0\u00bbfont-169825&Prime; text_size=\u00a0\u00bbh1&Prime; uncode_shortcode_id=\u00a0\u00bb174246&Prime; text_color_type=\u00a0\u00bbuncode-palette\u00a0\u00bb]<\/p>\n<h1>Mariage \u00e0 Lyon de Kim &amp; Aymeric \u00e0 La Bastide des Hirondelles<\/h1>\n<p>[\/vc_custom_heading][vc_column_text uncode_shortcode_id=\u00a0\u00bb880866&Prime;]<\/p>\n<h2><span style=\"font-size: 12pt;\">Photographe mariage Lyon &#8211; La Bastide des Hirondelles<\/span><\/h2>\n<p>Le mariage de Kim et Aymeric \u00e0 La Bastide des Hirondelles n&rsquo;\u00e9tait pas seulement une c\u00e9l\u00e9bration de leur amour. C&rsquo;\u00e9tait aussi une fusion harmonieuse de traditions et d&rsquo;innovations. En tant que photographe de mariage \u00e0 Lyon, j&rsquo;ai eu le privil\u00e8ge de capturer chaque moment de leur magnifique journ\u00e9e.<\/p>\n<p>Le choix d&rsquo;une c\u00e9r\u00e9monie la\u00efque personnalis\u00e9e refl\u00e9tait leur d\u00e9sir de personnaliser leur mariage de mani\u00e8re singuli\u00e8re. Tout en respectant les racines et les valeurs qui les unissent, le rituel des rubans, emprunt\u00e9 \u00e0 des traditions anciennes, a \u00e9t\u00e9 revisit\u00e9 dans un esprit contemporain. Ce rituel symbolisait non seulement l&rsquo;union du couple mais aussi l&rsquo;entrelacement de leurs vies avec celles de leurs proches.[\/vc_column_text][\/vc_column][\/vc_row][vc_row][vc_column width=\u00a0\u00bb1\/1&Prime;][vc_column_text uncode_shortcode_id=\u00a0\u00bb126329&Prime;]<\/p>\n<p style=\"text-align: center;\"><img decoding=\"async\" src=\"http:\/\/www.ilbstory.com\/blog-photographe\/wp-content\/uploads\/kim-aymeric-mariage-lyon\/mariage-kim-Aymeric-photographe-mariage-lyon-001.webp\" \/><br \/>\n<img decoding=\"async\" src=\"http:\/\/www.ilbstory.com\/blog-photographe\/wp-content\/uploads\/kim-aymeric-mariage-lyon\/mariage-kim-Aymeric-photographe-mariage-lyon-002.webp\" \/><br \/>\n<img decoding=\"async\" src=\"http:\/\/www.ilbstory.com\/blog-photographe\/wp-content\/uploads\/kim-aymeric-mariage-lyon\/mariage-kim-Aymeric-photographe-mariage-lyon-003.webp\" \/><br \/>\n<img decoding=\"async\" src=\"http:\/\/www.ilbstory.com\/blog-photographe\/wp-content\/uploads\/kim-aymeric-mariage-lyon\/mariage-kim-Aymeric-photographe-mariage-lyon-004.webp\" \/><br \/>\n<img decoding=\"async\" src=\"http:\/\/www.ilbstory.com\/blog-photographe\/wp-content\/uploads\/kim-aymeric-mariage-lyon\/mariage-kim-Aymeric-photographe-mariage-lyon-005.webp\" \/><br \/>\n<img decoding=\"async\" src=\"http:\/\/www.ilbstory.com\/blog-photographe\/wp-content\/uploads\/kim-aymeric-mariage-lyon\/mariage-kim-Aymeric-photographe-mariage-lyon-006.webp\" \/><br \/>\n<img decoding=\"async\" src=\"http:\/\/www.ilbstory.com\/blog-photographe\/wp-content\/uploads\/kim-aymeric-mariage-lyon\/mariage-kim-Aymeric-photographe-mariage-lyon-007.webp\" \/><br \/>\n<img decoding=\"async\" src=\"http:\/\/www.ilbstory.com\/blog-photographe\/wp-content\/uploads\/kim-aymeric-mariage-lyon\/mariage-kim-Aymeric-photographe-mariage-lyon-008.webp\" \/><br \/>\n<img decoding=\"async\" src=\"http:\/\/www.ilbstory.com\/blog-photographe\/wp-content\/uploads\/kim-aymeric-mariage-lyon\/mariage-kim-Aymeric-photographe-mariage-lyon-009.webp\" \/><br \/>\n<img decoding=\"async\" src=\"http:\/\/www.ilbstory.com\/blog-photographe\/wp-content\/uploads\/kim-aymeric-mariage-lyon\/mariage-kim-Aymeric-photographe-mariage-lyon-010.webp\" \/><br \/>\n<img decoding=\"async\" src=\"http:\/\/www.ilbstory.com\/blog-photographe\/wp-content\/uploads\/kim-aymeric-mariage-lyon\/mariage-kim-Aymeric-photographe-mariage-lyon-011.webp\" \/><br \/>\n<img decoding=\"async\" src=\"http:\/\/www.ilbstory.com\/blog-photographe\/wp-content\/uploads\/kim-aymeric-mariage-lyon\/mariage-kim-Aymeric-photographe-mariage-lyon-012.webp\" \/><br \/>\n<img decoding=\"async\" src=\"http:\/\/www.ilbstory.com\/blog-photographe\/wp-content\/uploads\/kim-aymeric-mariage-lyon\/mariage-kim-Aymeric-photographe-mariage-lyon-013.webp\" \/><br \/>\n<img decoding=\"async\" src=\"http:\/\/www.ilbstory.com\/blog-photographe\/wp-content\/uploads\/kim-aymeric-mariage-lyon\/mariage-kim-Aymeric-photographe-mariage-lyon-014.webp\" \/><br \/>\n<img decoding=\"async\" src=\"http:\/\/www.ilbstory.com\/blog-photographe\/wp-content\/uploads\/kim-aymeric-mariage-lyon\/mariage-kim-Aymeric-photographe-mariage-lyon-015.webp\" \/><br \/>\n<img decoding=\"async\" src=\"http:\/\/www.ilbstory.com\/blog-photographe\/wp-content\/uploads\/kim-aymeric-mariage-lyon\/mariage-kim-Aymeric-photographe-mariage-lyon-016.webp\" \/><br \/>\n<img decoding=\"async\" src=\"http:\/\/www.ilbstory.com\/blog-photographe\/wp-content\/uploads\/kim-aymeric-mariage-lyon\/mariage-kim-Aymeric-photographe-mariage-lyon-017.webp\" \/><br \/>\n<img decoding=\"async\" src=\"http:\/\/www.ilbstory.com\/blog-photographe\/wp-content\/uploads\/kim-aymeric-mariage-lyon\/mariage-kim-Aymeric-photographe-mariage-lyon-018.webp\" \/><br \/>\n<img decoding=\"async\" src=\"http:\/\/www.ilbstory.com\/blog-photographe\/wp-content\/uploads\/kim-aymeric-mariage-lyon\/mariage-kim-Aymeric-photographe-mariage-lyon-019.webp\" \/><br \/>\n<img decoding=\"async\" src=\"http:\/\/www.ilbstory.com\/blog-photographe\/wp-content\/uploads\/kim-aymeric-mariage-lyon\/mariage-kim-Aymeric-photographe-mariage-lyon-020.webp\" \/><br \/>\n<img decoding=\"async\" src=\"http:\/\/www.ilbstory.com\/blog-photographe\/wp-content\/uploads\/kim-aymeric-mariage-lyon\/mariage-kim-Aymeric-photographe-mariage-lyon-021.webp\" \/><br \/>\n<img decoding=\"async\" src=\"http:\/\/www.ilbstory.com\/blog-photographe\/wp-content\/uploads\/kim-aymeric-mariage-lyon\/mariage-kim-Aymeric-photographe-mariage-lyon-022.webp\" \/><br \/>\n<img decoding=\"async\" src=\"http:\/\/www.ilbstory.com\/blog-photographe\/wp-content\/uploads\/kim-aymeric-mariage-lyon\/mariage-kim-Aymeric-photographe-mariage-lyon-023.webp\" \/><br \/>\n<img decoding=\"async\" src=\"http:\/\/www.ilbstory.com\/blog-photographe\/wp-content\/uploads\/kim-aymeric-mariage-lyon\/mariage-kim-Aymeric-photographe-mariage-lyon-024.webp\" \/><br \/>\n<img decoding=\"async\" src=\"http:\/\/www.ilbstory.com\/blog-photographe\/wp-content\/uploads\/kim-aymeric-mariage-lyon\/mariage-kim-Aymeric-photographe-mariage-lyon-025.webp\" \/><br \/>\n<img decoding=\"async\" src=\"http:\/\/www.ilbstory.com\/blog-photographe\/wp-content\/uploads\/kim-aymeric-mariage-lyon\/mariage-kim-Aymeric-photographe-mariage-lyon-026.webp\" \/><br \/>\n<img decoding=\"async\" src=\"http:\/\/www.ilbstory.com\/blog-photographe\/wp-content\/uploads\/kim-aymeric-mariage-lyon\/mariage-kim-Aymeric-photographe-mariage-lyon-027.webp\" \/><br \/>\n<img decoding=\"async\" src=\"http:\/\/www.ilbstory.com\/blog-photographe\/wp-content\/uploads\/kim-aymeric-mariage-lyon\/mariage-kim-Aymeric-photographe-mariage-lyon-028.webp\" \/><\/p>\n<h2>Photos de mariage : La beaut\u00e9 dans les d\u00e9tails, une d\u00e9coration de mariage unique<\/h2>\n<p>Kim, avec son \u0153il de graphiste, a apport\u00e9 une attention particuli\u00e8re \u00e0 chaque d\u00e9tail de la d\u00e9coration. Transformant La Bastide des Hirondelles en un espace qui refl\u00e9tait leur histoire et leurs go\u00fbts uniques, chaque \u00e9l\u00e9ment, des plans de table \u00e0 la d\u00e9coration florale, \u00e9tait impr\u00e9gn\u00e9 de leur personnalit\u00e9.<\/p>\n<p>Les touches inspir\u00e9es par Frida Kahlo, notamment la couronne de fleurs de Kim, ajoutaient une dimension artistique et intime \u00e0 la c\u00e9l\u00e9bration. Rendant hommage \u00e0 l&rsquo;esprit cr\u00e9atif qui anime le couple, ces d\u00e9tails ont cr\u00e9\u00e9 une atmosph\u00e8re unique et m\u00e9morable.<\/p>\n<p style=\"text-align: center;\"><img decoding=\"async\" src=\"http:\/\/www.ilbstory.com\/blog-photographe\/wp-content\/uploads\/kim-aymeric-mariage-lyon\/mariage-kim-Aymeric-photographe-mariage-lyon-029.webp\" \/><br \/>\n<img decoding=\"async\" src=\"http:\/\/www.ilbstory.com\/blog-photographe\/wp-content\/uploads\/kim-aymeric-mariage-lyon\/mariage-kim-Aymeric-photographe-mariage-lyon-030.webp\" \/><br \/>\n<img decoding=\"async\" src=\"http:\/\/www.ilbstory.com\/blog-photographe\/wp-content\/uploads\/kim-aymeric-mariage-lyon\/mariage-kim-Aymeric-photographe-mariage-lyon-031.webp\" \/><br \/>\n<img decoding=\"async\" src=\"http:\/\/www.ilbstory.com\/blog-photographe\/wp-content\/uploads\/kim-aymeric-mariage-lyon\/mariage-kim-Aymeric-photographe-mariage-lyon-032.webp\" \/><br \/>\n<img decoding=\"async\" src=\"http:\/\/www.ilbstory.com\/blog-photographe\/wp-content\/uploads\/kim-aymeric-mariage-lyon\/mariage-kim-Aymeric-photographe-mariage-lyon-033.webp\" \/><br \/>\n<img decoding=\"async\" src=\"http:\/\/www.ilbstory.com\/blog-photographe\/wp-content\/uploads\/kim-aymeric-mariage-lyon\/mariage-kim-Aymeric-photographe-mariage-lyon-034.webp\" \/><br \/>\n<img decoding=\"async\" src=\"http:\/\/www.ilbstory.com\/blog-photographe\/wp-content\/uploads\/kim-aymeric-mariage-lyon\/mariage-kim-Aymeric-photographe-mariage-lyon-035.webp\" \/><br \/>\n<img decoding=\"async\" src=\"http:\/\/www.ilbstory.com\/blog-photographe\/wp-content\/uploads\/kim-aymeric-mariage-lyon\/mariage-kim-Aymeric-photographe-mariage-lyon-036.webp\" \/><br \/>\n<img decoding=\"async\" src=\"http:\/\/www.ilbstory.com\/blog-photographe\/wp-content\/uploads\/kim-aymeric-mariage-lyon\/mariage-kim-Aymeric-photographe-mariage-lyon-037.webp\" \/><br \/>\n<img decoding=\"async\" src=\"http:\/\/www.ilbstory.com\/blog-photographe\/wp-content\/uploads\/kim-aymeric-mariage-lyon\/mariage-kim-Aymeric-photographe-mariage-lyon-038.webp\" \/><br \/>\n<img decoding=\"async\" src=\"http:\/\/www.ilbstory.com\/blog-photographe\/wp-content\/uploads\/kim-aymeric-mariage-lyon\/mariage-kim-Aymeric-photographe-mariage-lyon-039.webp\" \/><br \/>\n<img decoding=\"async\" src=\"http:\/\/www.ilbstory.com\/blog-photographe\/wp-content\/uploads\/kim-aymeric-mariage-lyon\/mariage-kim-Aymeric-photographe-mariage-lyon-040.webp\" \/><br \/>\n<img decoding=\"async\" src=\"http:\/\/www.ilbstory.com\/blog-photographe\/wp-content\/uploads\/kim-aymeric-mariage-lyon\/mariage-kim-Aymeric-photographe-mariage-lyon-041.webp\" \/><br \/>\n<img decoding=\"async\" src=\"http:\/\/www.ilbstory.com\/blog-photographe\/wp-content\/uploads\/kim-aymeric-mariage-lyon\/mariage-kim-Aymeric-photographe-mariage-lyon-042.webp\" \/><br \/>\n<img decoding=\"async\" src=\"http:\/\/www.ilbstory.com\/blog-photographe\/wp-content\/uploads\/kim-aymeric-mariage-lyon\/mariage-kim-Aymeric-photographe-mariage-lyon-043.webp\" \/><br \/>\n<img decoding=\"async\" src=\"http:\/\/www.ilbstory.com\/blog-photographe\/wp-content\/uploads\/kim-aymeric-mariage-lyon\/mariage-kim-Aymeric-photographe-mariage-lyon-044.webp\" \/><br \/>\n<img decoding=\"async\" src=\"http:\/\/www.ilbstory.com\/blog-photographe\/wp-content\/uploads\/kim-aymeric-mariage-lyon\/mariage-kim-Aymeric-photographe-mariage-lyon-045.webp\" \/><br \/>\n<img decoding=\"async\" src=\"http:\/\/www.ilbstory.com\/blog-photographe\/wp-content\/uploads\/kim-aymeric-mariage-lyon\/mariage-kim-Aymeric-photographe-mariage-lyon-046.webp\" \/><br \/>\n<img decoding=\"async\" src=\"http:\/\/www.ilbstory.com\/blog-photographe\/wp-content\/uploads\/kim-aymeric-mariage-lyon\/mariage-kim-Aymeric-photographe-mariage-lyon-047.webp\" \/><br \/>\n<img decoding=\"async\" src=\"http:\/\/www.ilbstory.com\/blog-photographe\/wp-content\/uploads\/kim-aymeric-mariage-lyon\/mariage-kim-Aymeric-photographe-mariage-lyon-048.webp\" \/><br \/>\n<img decoding=\"async\" src=\"http:\/\/www.ilbstory.com\/blog-photographe\/wp-content\/uploads\/kim-aymeric-mariage-lyon\/mariage-kim-Aymeric-photographe-mariage-lyon-049.webp\" \/><br \/>\n<img decoding=\"async\" src=\"http:\/\/www.ilbstory.com\/blog-photographe\/wp-content\/uploads\/kim-aymeric-mariage-lyon\/mariage-kim-Aymeric-photographe-mariage-lyon-050.webp\" \/><br \/>\n<img decoding=\"async\" src=\"http:\/\/www.ilbstory.com\/blog-photographe\/wp-content\/uploads\/kim-aymeric-mariage-lyon\/mariage-kim-Aymeric-photographe-mariage-lyon-051.webp\" \/><br \/>\n<img decoding=\"async\" src=\"http:\/\/www.ilbstory.com\/blog-photographe\/wp-content\/uploads\/kim-aymeric-mariage-lyon\/mariage-kim-Aymeric-photographe-mariage-lyon-052.webp\" \/><br \/>\n<img decoding=\"async\" src=\"http:\/\/www.ilbstory.com\/blog-photographe\/wp-content\/uploads\/kim-aymeric-mariage-lyon\/mariage-kim-Aymeric-photographe-mariage-lyon-053.webp\" \/><br \/>\n<img decoding=\"async\" src=\"http:\/\/www.ilbstory.com\/blog-photographe\/wp-content\/uploads\/kim-aymeric-mariage-lyon\/mariage-kim-Aymeric-photographe-mariage-lyon-054.webp\" \/><br \/>\n<img decoding=\"async\" src=\"http:\/\/www.ilbstory.com\/blog-photographe\/wp-content\/uploads\/kim-aymeric-mariage-lyon\/mariage-kim-Aymeric-photographe-mariage-lyon-055.webp\" \/><br \/>\n<img decoding=\"async\" src=\"http:\/\/www.ilbstory.com\/blog-photographe\/wp-content\/uploads\/kim-aymeric-mariage-lyon\/mariage-kim-Aymeric-photographe-mariage-lyon-056.webp\" \/><br \/>\n<img decoding=\"async\" src=\"http:\/\/www.ilbstory.com\/blog-photographe\/wp-content\/uploads\/kim-aymeric-mariage-lyon\/mariage-kim-Aymeric-photographe-mariage-lyon-057.webp\" \/><br \/>\n<img decoding=\"async\" src=\"http:\/\/www.ilbstory.com\/blog-photographe\/wp-content\/uploads\/kim-aymeric-mariage-lyon\/mariage-kim-Aymeric-photographe-mariage-lyon-058.webp\" \/><br \/>\n<img decoding=\"async\" src=\"http:\/\/www.ilbstory.com\/blog-photographe\/wp-content\/uploads\/kim-aymeric-mariage-lyon\/mariage-kim-Aymeric-photographe-mariage-lyon-059.webp\" \/><br \/>\n<img decoding=\"async\" src=\"http:\/\/www.ilbstory.com\/blog-photographe\/wp-content\/uploads\/kim-aymeric-mariage-lyon\/mariage-kim-Aymeric-photographe-mariage-lyon-060.webp\" \/><br \/>\n<img decoding=\"async\" src=\"http:\/\/www.ilbstory.com\/blog-photographe\/wp-content\/uploads\/kim-aymeric-mariage-lyon\/mariage-kim-Aymeric-photographe-mariage-lyon-061.webp\" \/><br \/>\n<img decoding=\"async\" src=\"http:\/\/www.ilbstory.com\/blog-photographe\/wp-content\/uploads\/kim-aymeric-mariage-lyon\/mariage-kim-Aymeric-photographe-mariage-lyon-062.webp\" \/><br \/>\n<img decoding=\"async\" src=\"http:\/\/www.ilbstory.com\/blog-photographe\/wp-content\/uploads\/kim-aymeric-mariage-lyon\/mariage-kim-Aymeric-photographe-mariage-lyon-063.webp\" \/><\/p>\n<h2>Un cadre de nature : La bastide des hirondelles beaujolais &#8211; Lyon<\/h2>\n<p>Le choix de La Bastide des Hirondelles comme lieu de r\u00e9ception \u00e9tait en lui-m\u00eame une d\u00e9claration d&rsquo;amour \u00e0 la beaut\u00e9 naturelle du Beaujolais. Offrant un cadre idyllique pour leur mariage nature dans le Beaujolais, le domaine, avec sa vue imprenable sur les vignobles et le paysage vallonn\u00e9, \u00e9tait parfait.<\/p>\n<p>La lumi\u00e8re douce du soleil couchant, filtrant \u00e0 travers les vignes, a cr\u00e9\u00e9 des moments de photographie magiques. Capturant l\u2019ambiance m\u00eame de la journ\u00e9e, ces moments sont devenus des souvenirs inoubliables.<\/p>\n<p style=\"text-align: center;\"><img decoding=\"async\" src=\"http:\/\/www.ilbstory.com\/blog-photographe\/wp-content\/uploads\/kim-aymeric-mariage-lyon\/mariage-kim-Aymeric-photographe-mariage-lyon-064.webp\" \/><br \/>\n<img decoding=\"async\" src=\"http:\/\/www.ilbstory.com\/blog-photographe\/wp-content\/uploads\/kim-aymeric-mariage-lyon\/mariage-kim-Aymeric-photographe-mariage-lyon-065.webp\" \/><br \/>\n<img decoding=\"async\" src=\"http:\/\/www.ilbstory.com\/blog-photographe\/wp-content\/uploads\/kim-aymeric-mariage-lyon\/mariage-kim-Aymeric-photographe-mariage-lyon-066.webp\" \/><br \/>\n<img decoding=\"async\" src=\"http:\/\/www.ilbstory.com\/blog-photographe\/wp-content\/uploads\/kim-aymeric-mariage-lyon\/mariage-kim-Aymeric-photographe-mariage-lyon-067.webp\" \/><br \/>\n<img decoding=\"async\" src=\"http:\/\/www.ilbstory.com\/blog-photographe\/wp-content\/uploads\/kim-aymeric-mariage-lyon\/mariage-kim-Aymeric-photographe-mariage-lyon-068.webp\" \/><br \/>\n<img decoding=\"async\" src=\"http:\/\/www.ilbstory.com\/blog-photographe\/wp-content\/uploads\/kim-aymeric-mariage-lyon\/mariage-kim-Aymeric-photographe-mariage-lyon-069.webp\" \/><br \/>\n<img decoding=\"async\" src=\"http:\/\/www.ilbstory.com\/blog-photographe\/wp-content\/uploads\/kim-aymeric-mariage-lyon\/mariage-kim-Aymeric-photographe-mariage-lyon-070.webp\" \/><br \/>\n<img decoding=\"async\" src=\"http:\/\/www.ilbstory.com\/blog-photographe\/wp-content\/uploads\/kim-aymeric-mariage-lyon\/mariage-kim-Aymeric-photographe-mariage-lyon-071.webp\" \/><br \/>\n<img decoding=\"async\" src=\"http:\/\/www.ilbstory.com\/blog-photographe\/wp-content\/uploads\/kim-aymeric-mariage-lyon\/mariage-kim-Aymeric-photographe-mariage-lyon-072.webp\" \/><br \/>\n<img decoding=\"async\" src=\"http:\/\/www.ilbstory.com\/blog-photographe\/wp-content\/uploads\/kim-aymeric-mariage-lyon\/mariage-kim-Aymeric-photographe-mariage-lyon-073.webp\" \/><br \/>\n<img decoding=\"async\" src=\"http:\/\/www.ilbstory.com\/blog-photographe\/wp-content\/uploads\/kim-aymeric-mariage-lyon\/mariage-kim-Aymeric-photographe-mariage-lyon-074.webp\" \/><br \/>\n<img decoding=\"async\" src=\"http:\/\/www.ilbstory.com\/blog-photographe\/wp-content\/uploads\/kim-aymeric-mariage-lyon\/mariage-kim-Aymeric-photographe-mariage-lyon-075.webp\" \/><br \/>\n<img decoding=\"async\" src=\"http:\/\/www.ilbstory.com\/blog-photographe\/wp-content\/uploads\/kim-aymeric-mariage-lyon\/mariage-kim-Aymeric-photographe-mariage-lyon-076.webp\" \/><br \/>\n<img decoding=\"async\" src=\"http:\/\/www.ilbstory.com\/blog-photographe\/wp-content\/uploads\/kim-aymeric-mariage-lyon\/mariage-kim-Aymeric-photographe-mariage-lyon-077.webp\" \/><br \/>\n<img decoding=\"async\" src=\"http:\/\/www.ilbstory.com\/blog-photographe\/wp-content\/uploads\/kim-aymeric-mariage-lyon\/mariage-kim-Aymeric-photographe-mariage-lyon-078.webp\" \/><br \/>\n<img decoding=\"async\" src=\"http:\/\/www.ilbstory.com\/blog-photographe\/wp-content\/uploads\/kim-aymeric-mariage-lyon\/mariage-kim-Aymeric-photographe-mariage-lyon-079.webp\" \/><br \/>\n<img decoding=\"async\" src=\"http:\/\/www.ilbstory.com\/blog-photographe\/wp-content\/uploads\/kim-aymeric-mariage-lyon\/mariage-kim-Aymeric-photographe-mariage-lyon-080.webp\" \/><br \/>\n<img decoding=\"async\" src=\"http:\/\/www.ilbstory.com\/blog-photographe\/wp-content\/uploads\/kim-aymeric-mariage-lyon\/mariage-kim-Aymeric-photographe-mariage-lyon-081.webp\" \/><br \/>\n<img decoding=\"async\" src=\"http:\/\/www.ilbstory.com\/blog-photographe\/wp-content\/uploads\/kim-aymeric-mariage-lyon\/mariage-kim-Aymeric-photographe-mariage-lyon-082.webp\" \/><br \/>\n<img decoding=\"async\" src=\"http:\/\/www.ilbstory.com\/blog-photographe\/wp-content\/uploads\/kim-aymeric-mariage-lyon\/mariage-kim-Aymeric-photographe-mariage-lyon-083.webp\" \/><\/p>\n<h2>Musique et amis : L&rsquo;\u00e2me de la f\u00eate<\/h2>\n<p>La musique, interpr\u00e9t\u00e9e par un groupe d&rsquo;amis, a donn\u00e9 le ton \u00e0 la c\u00e9r\u00e9monie. Cr\u00e9ant une ambiance \u00e0 la fois intime et festive, ce choix refl\u00e9tait l&rsquo;importance de l&rsquo;amiti\u00e9 et de la communaut\u00e9 pour Kim et Aymeric.<\/p>\n<p>Soulignant que leur mariage \u00e9tait une c\u00e9l\u00e9bration partag\u00e9e, un moment de joie collective, la pr\u00e9sence de leurs amis a enrichi l&rsquo;exp\u00e9rience pour tous les invit\u00e9s.<\/p>\n<p style=\"text-align: center;\"><img decoding=\"async\" src=\"http:\/\/www.ilbstory.com\/blog-photographe\/wp-content\/uploads\/kim-aymeric-mariage-lyon\/mariage-kim-Aymeric-photographe-mariage-lyon-085.webp\" \/><br \/>\n<img decoding=\"async\" src=\"http:\/\/www.ilbstory.com\/blog-photographe\/wp-content\/uploads\/kim-aymeric-mariage-lyon\/mariage-kim-Aymeric-photographe-mariage-lyon-086.webp\" \/><br \/>\n<img decoding=\"async\" src=\"http:\/\/www.ilbstory.com\/blog-photographe\/wp-content\/uploads\/kim-aymeric-mariage-lyon\/mariage-kim-Aymeric-photographe-mariage-lyon-087.webp\" \/><br \/>\n<img decoding=\"async\" src=\"http:\/\/www.ilbstory.com\/blog-photographe\/wp-content\/uploads\/kim-aymeric-mariage-lyon\/mariage-kim-Aymeric-photographe-mariage-lyon-088.webp\" \/><\/p>\n<h2>R\u00e9flexions sur l&rsquo;Amour et la complicit\u00e9 : Photographe mariage Lyon<\/h2>\n<p>Capturer l&rsquo;amour et la complicit\u00e9 entre Kim et Aymeric \u00e9tait au c\u0153ur de ma mission en tant que photographe de mariage. Leur interaction naturelle, les regards \u00e9chang\u00e9s, et les moments de tendresse spontan\u00e9e ont r\u00e9v\u00e9l\u00e9 la profondeur de leur lien.<\/p>\n<p>La s\u00e9ance photo de couple dans le Beaujolais \u00e9tait empreinte d&rsquo;une atmosph\u00e8re de r\u00eave. O\u00f9 le monde ext\u00e9rieur semblait s&rsquo;effacer, laissant place \u00e0 leur amour, ces moments ont \u00e9t\u00e9 immortalis\u00e9s avec une sensibilit\u00e9 artistique.<\/p>\n<h2>Photographe de mariage Lyon : Un h\u00e9ritage visuel<\/h2>\n<p>Le mariage \u00e0 Lyon de Kim et Aymeric, avec sa richesse de d\u00e9tails, d&rsquo;\u00e9motions et de paysages, est devenu un h\u00e9ritage visuel pour le couple. Une collection de moments captur\u00e9s qui racontent l&rsquo;histoire de leur belle journ\u00e9e. En tant que <a href=\"https:\/\/www.ilbstory.com\/\"><span style=\"color: #800000;\">photographe de mariage \u00e0 Lyon<\/span><\/a>, j&rsquo;ai eu le privil\u00e8ge de documenter ces instants.<\/p>\n<p>Pour un photographe de mariage \u00e0 Lyon, la Bastide des Hirondelles, avec son charme et sa beaut\u00e9, a \u00e9t\u00e9 le d\u00e9cor parfait pour cette c\u00e9l\u00e9bration de l&rsquo;amour. Pour les couples envisageant de se marier dans le Beaujolais, je serais honor\u00e9 de capturer votre grand jour. Cr\u00e9ant des souvenirs de mariage intemporels, votre histoire m\u00e9rite d&rsquo;\u00eatre racont\u00e9e avec la m\u00eame attention au d\u00e9tail et avec passion.[\/vc_column_text][\/vc_column][\/vc_row][vc_row][vc_column width=\u00a0\u00bb1\/1&Prime;][uncode_index loop=\u00a0\u00bbsize:6|order_by:date|post_type:post|by_id:5878,5906,5384,83880,83961,83969|taxonomy_count:10&Prime; screen_lg=\u00a0\u00bb1000&Prime; screen_md=\u00a0\u00bb600&Prime; screen_sm=\u00a0\u00bb480&Prime; gutter_size=\u00a0\u00bb3&Prime; post_items=\u00a0\u00bbmedia|featured|onpost|original,title\u00a0\u00bb single_width=\u00a0\u00bb2&Prime; single_overlay_opacity=\u00a0\u00bb50&Prime; single_padding=\u00a0\u00bb2&Prime; uncode_shortcode_id=\u00a0\u00bb151796&Prime;][\/vc_column][\/vc_row]<\/p>\n<\/div>","protected":false},"excerpt":{"rendered":"<p>[vc_row][vc_column column_width_percent=\u00a0\u00bb75&Prime; gutter_size=\u00a0\u00bb3&Prime; overlay_alpha=\u00a0\u00bb50&Prime; shift_x=\u00a0\u00bb0&Prime; shift_y=\u00a0\u00bb0&Prime; shift_y_down=\u00a0\u00bb0&Prime; z_index=\u00a0\u00bb0&Prime; medium_width=\u00a0\u00bb0&Prime; mobile_width=\u00a0\u00bb0&Prime; width=\u00a0\u00bb1\/1&Prime; uncode_shortcode_id=\u00a0\u00bb405559&Prime;][vc_custom_heading text_color=\u00a0\u00bbcolor-jevc\u00a0\u00bb heading_semantic=\u00a0\u00bbh1&Prime; text_font=\u00a0\u00bbfont-169825&Prime; text_size=\u00a0\u00bbh1&Prime; uncode_shortcode_id=\u00a0\u00bb174246&Prime; text_color_type=\u00a0\u00bbuncode-palette\u00a0\u00bb] Mariage \u00e0 [&hellip;]<\/p>\n","protected":false},"author":1,"featured_media":84022,"comment_status":"open","ping_status":"open","sticky":false,"template":"","format":"standard","meta":{"footnotes":""},"categories":[29],"tags":[],"class_list":["post-6478","post","type-post","status-publish","format-standard","has-post-thumbnail","hentry","category-tout"],"psp_head":"<title>Mariage de Kim et Aymeric \u2013 Photographe mariage lyon - Blog ILB Story<\/title>\r\n<meta name=\"description\" content=\"Je vous pr\u00e9sente le tr\u00e8s beau mariage de Kim &amp; Aymeric dans la r\u00e9gion de Lyon. Une c\u00e9r\u00e9monie la\u00efque et une s\u00e9ance photo de couple avec des fumig\u00e8nes color\u00e9s.\" \/>\r\n<meta name=\"robots\" content=\"index,follow\" \/>\r\n<link rel=\"canonical\" href=\"https:\/\/www.ilbstory.com\/blog-photographe\/mariage-kim-aymeric\/\" \/>\r\n","_links":{"self":[{"href":"https:\/\/www.ilbstory.com\/blog-photographe\/wp-json\/wp\/v2\/posts\/6478","targetHints":{"allow":["GET"]}}],"collection":[{"href":"https:\/\/www.ilbstory.com\/blog-photographe\/wp-json\/wp\/v2\/posts"}],"about":[{"href":"https:\/\/www.ilbstory.com\/blog-photographe\/wp-json\/wp\/v2\/types\/post"}],"author":[{"embeddable":true,"href":"https:\/\/www.ilbstory.com\/blog-photographe\/wp-json\/wp\/v2\/users\/1"}],"replies":[{"embeddable":true,"href":"https:\/\/www.ilbstory.com\/blog-photographe\/wp-json\/wp\/v2\/comments?post=6478"}],"version-history":[{"count":29,"href":"https:\/\/www.ilbstory.com\/blog-photographe\/wp-json\/wp\/v2\/posts\/6478\/revisions"}],"predecessor-version":[{"id":84009,"href":"https:\/\/www.ilbstory.com\/blog-photographe\/wp-json\/wp\/v2\/posts\/6478\/revisions\/84009"}],"wp:featuredmedia":[{"embeddable":true,"href":"https:\/\/www.ilbstory.com\/blog-photographe\/wp-json\/wp\/v2\/media\/84022"}],"wp:attachment":[{"href":"https:\/\/www.ilbstory.com\/blog-photographe\/wp-json\/wp\/v2\/media?parent=6478"}],"wp:term":[{"taxonomy":"category","embeddable":true,"href":"https:\/\/www.ilbstory.com\/blog-photographe\/wp-json\/wp\/v2\/categories?post=6478"},{"taxonomy":"post_tag","embeddable":true,"href":"https:\/\/www.ilbstory.com\/blog-photographe\/wp-json\/wp\/v2\/tags?post=6478"}],"curies":[{"name":"wp","href":"https:\/\/api.w.org\/{rel}","templated":true}]}}