{"id":6277,"date":"2022-10-02T20:07:32","date_gmt":"2022-10-02T19:07:32","guid":{"rendered":"http:\/\/www.ilbstory.com\/blog-photographe\/?p=6277"},"modified":"2024-04-28T14:01:10","modified_gmt":"2024-04-28T13:01:10","slug":"manoir-de-la-garde-a-jarnioux","status":"publish","type":"post","link":"https:\/\/www.ilbstory.com\/blog-photographe\/manoir-de-la-garde-a-jarnioux\/","title":{"rendered":"Manoir de la Garde \u00e0 Jarnioux"},"content":{"rendered":"<div class=\"wpb-content-wrapper\"><p>[vc_row][vc_column column_width_percent=\u00a0\u00bb75&Prime; gutter_size=\u00a0\u00bb3&Prime; overlay_alpha=\u00a0\u00bb50&Prime; shift_x=\u00a0\u00bb0&Prime; shift_y=\u00a0\u00bb0&Prime; shift_y_down=\u00a0\u00bb0&Prime; z_index=\u00a0\u00bb0&Prime; medium_width=\u00a0\u00bb0&Prime; mobile_width=\u00a0\u00bb0&Prime; width=\u00a0\u00bb1\/1&Prime;][vc_custom_heading heading_semantic=\u00a0\u00bbh1&Prime; text_font=\u00a0\u00bbfont-169825&Prime; text_size=\u00a0\u00bbh1&Prime; uncode_shortcode_id=\u00a0\u00bb210543&Prime;]<\/p>\n<h1>Photographe de mariage Lyon : Un jour inoubliable au Manoir de la Garde et au clos des Sources Bonave<\/h1>\n<p>[\/vc_custom_heading][vc_column_text uncode_shortcode_id=\u00a0\u00bb116000&Prime;]En tant que photographe de mariage \u00e0 Lyon sp\u00e9cialis\u00e9 pour les couples, j&rsquo;ai eu l&rsquo;immense privil\u00e8ge de documenter l&rsquo;union d&rsquo;Aliz\u00e9 et Nicolas, un \u00e9v\u00e9nement qui s&rsquo;est d\u00e9roul\u00e9 dans le cadre somptueux du Manoir de la Garde \u00e0 Jarnioux. Ce mariage, c\u00e9l\u00e9br\u00e9 en juillet dernier, se distingue non seulement par son \u00e9l\u00e9gance et sa beaut\u00e9 mais aussi par la profondeur des relations humaines qu&rsquo;il a r\u00e9v\u00e9l\u00e9es.[\/vc_column_text][vc_custom_heading text_font=\u00a0\u00bbfont-169825&Prime; uncode_shortcode_id=\u00a0\u00bb873469&Prime;]<\/p>\n<h2><span style=\"font-size: 12pt;\">L&rsquo;art de la photographie de mariage \u00e0 Lyon : Entre le Manoir de la Garde et le Clos des Sources Bonave<\/span><\/h2>\n<p>[\/vc_custom_heading][vc_column_text uncode_shortcode_id=\u00a0\u00bb770163&Prime;]D\u00e8s le d\u00e9but, Aliz\u00e9 et Nicolas m&rsquo;ont impressionn\u00e9 par leur gentillesse et leur personnalit\u00e9 bienveillante. Leur capacit\u00e9 \u00e0 traiter chacun autour d&rsquo;eux avec une attention particuli\u00e8re \u00e9tait manifeste, allant jusqu&rsquo;\u00e0 m&rsquo;inviter \u00e0 d\u00eener \u00e0 leur table. Ce geste, bien que me pla\u00e7ant dans une situation initialement inconfortable, m&rsquo;a finalement fait me sentir comme un ami de longue date, soulignant la magie de mon m\u00e9tier de photographe de mariage \u00e0 Lyon o\u00f9 les clients deviennent des amis.[\/vc_column_text][\/vc_column][\/vc_row][vc_row][vc_column width=\u00a0\u00bb1\/1&Prime;][vc_column_text uncode_shortcode_id=\u00a0\u00bb116442&Prime;]<\/p>\n<p style=\"text-align: center;\"><img decoding=\"async\" src=\"http:\/\/www.ilbstory.com\/blog-photographe\/wp-content\/uploads\/jarnioux\/manoir-de-la-garde-jarnioux-photographe-mariage-001.webp\" \/><br \/>\n<img decoding=\"async\" src=\"http:\/\/www.ilbstory.com\/blog-photographe\/wp-content\/uploads\/jarnioux\/manoir-de-la-garde-jarnioux-photographe-mariage-002.webp\" \/><br \/>\n<img decoding=\"async\" src=\"http:\/\/www.ilbstory.com\/blog-photographe\/wp-content\/uploads\/jarnioux\/manoir-de-la-garde-jarnioux-photographe-mariage-003.webp\" \/><br \/>\n<img decoding=\"async\" src=\"http:\/\/www.ilbstory.com\/blog-photographe\/wp-content\/uploads\/jarnioux\/manoir-de-la-garde-jarnioux-photographe-mariage-004.webp\" \/><br \/>\n<img decoding=\"async\" src=\"http:\/\/www.ilbstory.com\/blog-photographe\/wp-content\/uploads\/jarnioux\/manoir-de-la-garde-jarnioux-photographe-mariage-005.webp\" \/><br \/>\n<img decoding=\"async\" src=\"http:\/\/www.ilbstory.com\/blog-photographe\/wp-content\/uploads\/jarnioux\/manoir-de-la-garde-jarnioux-photographe-mariage-006.webp\" \/><br \/>\n<img decoding=\"async\" src=\"http:\/\/www.ilbstory.com\/blog-photographe\/wp-content\/uploads\/jarnioux\/manoir-de-la-garde-jarnioux-photographe-mariage-007.webp\" \/><br \/>\n<img decoding=\"async\" src=\"http:\/\/www.ilbstory.com\/blog-photographe\/wp-content\/uploads\/jarnioux\/manoir-de-la-garde-jarnioux-photographe-mariage-008.webp\" \/><br \/>\n<img decoding=\"async\" src=\"http:\/\/www.ilbstory.com\/blog-photographe\/wp-content\/uploads\/jarnioux\/manoir-de-la-garde-jarnioux-photographe-mariage-009.webp\" \/><br \/>\n<img decoding=\"async\" src=\"http:\/\/www.ilbstory.com\/blog-photographe\/wp-content\/uploads\/jarnioux\/manoir-de-la-garde-jarnioux-photographe-mariage-010.webp\" \/><br \/>\n<img decoding=\"async\" src=\"http:\/\/www.ilbstory.com\/blog-photographe\/wp-content\/uploads\/jarnioux\/manoir-de-la-garde-jarnioux-photographe-mariage-011.webp\" \/><br \/>\n<img decoding=\"async\" src=\"http:\/\/www.ilbstory.com\/blog-photographe\/wp-content\/uploads\/jarnioux\/manoir-de-la-garde-jarnioux-photographe-mariage-012.webp\" \/><br \/>\n<img decoding=\"async\" src=\"http:\/\/www.ilbstory.com\/blog-photographe\/wp-content\/uploads\/jarnioux\/manoir-de-la-garde-jarnioux-photographe-mariage-013.webp\" \/><br \/>\n<img decoding=\"async\" src=\"http:\/\/www.ilbstory.com\/blog-photographe\/wp-content\/uploads\/jarnioux\/manoir-de-la-garde-jarnioux-photographe-mariage-014.webp\" \/><br \/>\n<img decoding=\"async\" src=\"http:\/\/www.ilbstory.com\/blog-photographe\/wp-content\/uploads\/jarnioux\/manoir-de-la-garde-jarnioux-photographe-mariage-015.webp\" \/><br \/>\n<img decoding=\"async\" src=\"http:\/\/www.ilbstory.com\/blog-photographe\/wp-content\/uploads\/jarnioux\/manoir-de-la-garde-jarnioux-photographe-mariage-016.webp\" \/><br \/>\n<img decoding=\"async\" src=\"http:\/\/www.ilbstory.com\/blog-photographe\/wp-content\/uploads\/jarnioux\/manoir-de-la-garde-jarnioux-photographe-mariage-017.webp\" \/><br \/>\n<img decoding=\"async\" src=\"http:\/\/www.ilbstory.com\/blog-photographe\/wp-content\/uploads\/jarnioux\/manoir-de-la-garde-jarnioux-photographe-mariage-018.webp\" \/><br \/>\n<img decoding=\"async\" src=\"http:\/\/www.ilbstory.com\/blog-photographe\/wp-content\/uploads\/jarnioux\/manoir-de-la-garde-jarnioux-photographe-mariage-019.webp\" \/><br \/>\n<img decoding=\"async\" src=\"http:\/\/www.ilbstory.com\/blog-photographe\/wp-content\/uploads\/jarnioux\/manoir-de-la-garde-jarnioux-photographe-mariage-020.webp\" \/><br \/>\n<img decoding=\"async\" src=\"http:\/\/www.ilbstory.com\/blog-photographe\/wp-content\/uploads\/jarnioux\/manoir-de-la-garde-jarnioux-photographe-mariage-021.webp\" \/><br \/>\n<img decoding=\"async\" src=\"http:\/\/www.ilbstory.com\/blog-photographe\/wp-content\/uploads\/jarnioux\/manoir-de-la-garde-jarnioux-photographe-mariage-022.webp\" \/><br \/>\n<img decoding=\"async\" src=\"http:\/\/www.ilbstory.com\/blog-photographe\/wp-content\/uploads\/jarnioux\/manoir-de-la-garde-jarnioux-photographe-mariage-023.webp\" \/><br \/>\n<img decoding=\"async\" src=\"http:\/\/www.ilbstory.com\/blog-photographe\/wp-content\/uploads\/jarnioux\/manoir-de-la-garde-jarnioux-photographe-mariage-024.webp\" \/><br \/>\n<img decoding=\"async\" src=\"http:\/\/www.ilbstory.com\/blog-photographe\/wp-content\/uploads\/jarnioux\/manoir-de-la-garde-jarnioux-photographe-mariage-025.webp\" \/><br \/>\n<img decoding=\"async\" src=\"http:\/\/www.ilbstory.com\/blog-photographe\/wp-content\/uploads\/jarnioux\/manoir-de-la-garde-jarnioux-photographe-mariage-026.webp\" \/><br \/>\n<img decoding=\"async\" src=\"http:\/\/www.ilbstory.com\/blog-photographe\/wp-content\/uploads\/jarnioux\/manoir-de-la-garde-jarnioux-photographe-mariage-027.webp\" \/><\/p>\n<h2>Des moments magiques pour un photographe de mariage : d&rsquo;Aliz\u00e9 et Nicolas<\/h2>\n<p>Le jour du mariage, malgr\u00e9 une m\u00e9t\u00e9o capricieuse typique du mois de juillet dans le Beaujolais, n&rsquo;a en rien diminu\u00e9 la joie et l&rsquo;excitation. Entour\u00e9s de leurs proches, l&rsquo;ambiance \u00e9tait \u00e9lectrique, prouvant que rien, pas m\u00eame les caprices du temps, ne pouvait \u00e9clipser le bonheur de leur plus beau jour. Le Manoir de la Garde, avec ses int\u00e9rieurs raffin\u00e9s, a servi de toile de fond parfaite pour cette journ\u00e9e m\u00e9morable.<\/p>\n<p style=\"text-align: center;\"><img decoding=\"async\" src=\"http:\/\/www.ilbstory.com\/blog-photographe\/wp-content\/uploads\/jarnioux\/manoir-de-la-garde-jarnioux-photographe-mariage-028.webp\" \/><br \/>\n<img decoding=\"async\" src=\"http:\/\/www.ilbstory.com\/blog-photographe\/wp-content\/uploads\/jarnioux\/manoir-de-la-garde-jarnioux-photographe-mariage-029.webp\" \/><br \/>\n<img decoding=\"async\" src=\"http:\/\/www.ilbstory.com\/blog-photographe\/wp-content\/uploads\/jarnioux\/manoir-de-la-garde-jarnioux-photographe-mariage-030.webp\" \/><br \/>\n<img decoding=\"async\" src=\"http:\/\/www.ilbstory.com\/blog-photographe\/wp-content\/uploads\/jarnioux\/manoir-de-la-garde-jarnioux-photographe-mariage-031.webp\" \/><br \/>\n<img decoding=\"async\" src=\"http:\/\/www.ilbstory.com\/blog-photographe\/wp-content\/uploads\/jarnioux\/manoir-de-la-garde-jarnioux-photographe-mariage-032.webp\" \/><br \/>\n<img decoding=\"async\" src=\"http:\/\/www.ilbstory.com\/blog-photographe\/wp-content\/uploads\/jarnioux\/manoir-de-la-garde-jarnioux-photographe-mariage-033.webp\" \/><br \/>\n<img decoding=\"async\" src=\"http:\/\/www.ilbstory.com\/blog-photographe\/wp-content\/uploads\/jarnioux\/manoir-de-la-garde-jarnioux-photographe-mariage-034.webp\" \/><\/p>\n<h2>Un mariage f\u00e9erique au Manoir de la Garde \u00e0 Jarnioux<\/h2>\n<p>Les pr\u00e9paratifs d&rsquo;Aliz\u00e9 ont commenc\u00e9 au Le Clos des Sources Bonave \u00e0 Ville-sur-Jarnioux, un g\u00eete magnifique recommand\u00e9 par le Manoir de la Garde, situ\u00e9 \u00e0 seulement dix minutes de l\u00e0. Ce lieu proche de Lyon dans le Beaujolais, d\u00e9j\u00e0 connu pour son charme et son \u00e9l\u00e9gance, a \u00e9t\u00e9 le cadre id\u00e9al pour les moments intimes pr\u00e9c\u00e9dant la c\u00e9r\u00e9monie. L\u00e0, entour\u00e9e de ses amis les plus proches, Aliz\u00e9 a partag\u00e9 des instants de complicit\u00e9, marqu\u00e9s par l&rsquo;\u00e9change de bracelets floraux avec ses demoiselles d&rsquo;honneur.<\/p>\n<p style=\"text-align: center;\"><img decoding=\"async\" src=\"http:\/\/www.ilbstory.com\/blog-photographe\/wp-content\/uploads\/jarnioux\/manoir-de-la-garde-jarnioux-photographe-mariage-035.webp\" \/><br \/>\n<img decoding=\"async\" src=\"http:\/\/www.ilbstory.com\/blog-photographe\/wp-content\/uploads\/jarnioux\/manoir-de-la-garde-jarnioux-photographe-mariage-036.webp\" \/><br \/>\n<img decoding=\"async\" src=\"http:\/\/www.ilbstory.com\/blog-photographe\/wp-content\/uploads\/jarnioux\/manoir-de-la-garde-jarnioux-photographe-mariage-037.webp\" \/><br \/>\n<img decoding=\"async\" src=\"http:\/\/www.ilbstory.com\/blog-photographe\/wp-content\/uploads\/jarnioux\/manoir-de-la-garde-jarnioux-photographe-mariage-038.webp\" \/><br \/>\n<img decoding=\"async\" src=\"http:\/\/www.ilbstory.com\/blog-photographe\/wp-content\/uploads\/jarnioux\/manoir-de-la-garde-jarnioux-photographe-mariage-039.webp\" \/><br \/>\n<img decoding=\"async\" src=\"http:\/\/www.ilbstory.com\/blog-photographe\/wp-content\/uploads\/jarnioux\/manoir-de-la-garde-jarnioux-photographe-mariage-040.webp\" \/><br \/>\n<img decoding=\"async\" src=\"http:\/\/www.ilbstory.com\/blog-photographe\/wp-content\/uploads\/jarnioux\/manoir-de-la-garde-jarnioux-photographe-mariage-041.webp\" \/><br \/>\n<img decoding=\"async\" src=\"http:\/\/www.ilbstory.com\/blog-photographe\/wp-content\/uploads\/jarnioux\/manoir-de-la-garde-jarnioux-photographe-mariage-042.webp\" \/><br \/>\n<img decoding=\"async\" src=\"http:\/\/www.ilbstory.com\/blog-photographe\/wp-content\/uploads\/jarnioux\/manoir-de-la-garde-jarnioux-photographe-mariage-043.webp\" \/><br \/>\n<img decoding=\"async\" src=\"http:\/\/www.ilbstory.com\/blog-photographe\/wp-content\/uploads\/jarnioux\/manoir-de-la-garde-jarnioux-photographe-mariage-044.webp\" \/><br \/>\n<img decoding=\"async\" src=\"http:\/\/www.ilbstory.com\/blog-photographe\/wp-content\/uploads\/jarnioux\/manoir-de-la-garde-jarnioux-photographe-mariage-045.webp\" \/><br \/>\n<img decoding=\"async\" src=\"http:\/\/www.ilbstory.com\/blog-photographe\/wp-content\/uploads\/jarnioux\/manoir-de-la-garde-jarnioux-photographe-mariage-046.webp\" \/><br \/>\n<img decoding=\"async\" src=\"http:\/\/www.ilbstory.com\/blog-photographe\/wp-content\/uploads\/jarnioux\/manoir-de-la-garde-jarnioux-photographe-mariage-047.webp\" \/><br \/>\n<img decoding=\"async\" src=\"http:\/\/www.ilbstory.com\/blog-photographe\/wp-content\/uploads\/jarnioux\/manoir-de-la-garde-jarnioux-photographe-mariage-048.webp\" \/><br \/>\n<img decoding=\"async\" src=\"http:\/\/www.ilbstory.com\/blog-photographe\/wp-content\/uploads\/jarnioux\/manoir-de-la-garde-jarnioux-photographe-mariage-049.webp\" \/><br \/>\n<img decoding=\"async\" src=\"http:\/\/www.ilbstory.com\/blog-photographe\/wp-content\/uploads\/jarnioux\/manoir-de-la-garde-jarnioux-photographe-mariage-050.webp\" \/><br \/>\n<img decoding=\"async\" src=\"http:\/\/www.ilbstory.com\/blog-photographe\/wp-content\/uploads\/jarnioux\/manoir-de-la-garde-jarnioux-photographe-mariage-051.webp\" \/><br \/>\n<img decoding=\"async\" src=\"http:\/\/www.ilbstory.com\/blog-photographe\/wp-content\/uploads\/jarnioux\/manoir-de-la-garde-jarnioux-photographe-mariage-052.webp\" \/><br \/>\n<img decoding=\"async\" src=\"http:\/\/www.ilbstory.com\/blog-photographe\/wp-content\/uploads\/jarnioux\/manoir-de-la-garde-jarnioux-photographe-mariage-053.webp\" \/><br \/>\n<img decoding=\"async\" src=\"http:\/\/www.ilbstory.com\/blog-photographe\/wp-content\/uploads\/jarnioux\/manoir-de-la-garde-jarnioux-photographe-mariage-054.webp\" \/><br \/>\n<img decoding=\"async\" src=\"http:\/\/www.ilbstory.com\/blog-photographe\/wp-content\/uploads\/jarnioux\/manoir-de-la-garde-jarnioux-photographe-mariage-055.webp\" \/><br \/>\n<img decoding=\"async\" src=\"http:\/\/www.ilbstory.com\/blog-photographe\/wp-content\/uploads\/jarnioux\/manoir-de-la-garde-jarnioux-photographe-mariage-056.webp\" \/><br \/>\n<img decoding=\"async\" src=\"http:\/\/www.ilbstory.com\/blog-photographe\/wp-content\/uploads\/jarnioux\/manoir-de-la-garde-jarnioux-photographe-mariage-057.webp\" \/><br \/>\n<img decoding=\"async\" src=\"http:\/\/www.ilbstory.com\/blog-photographe\/wp-content\/uploads\/jarnioux\/manoir-de-la-garde-jarnioux-photographe-mariage-058.webp\" \/><br \/>\n<img decoding=\"async\" src=\"http:\/\/www.ilbstory.com\/blog-photographe\/wp-content\/uploads\/jarnioux\/manoir-de-la-garde-jarnioux-photographe-mariage-059.webp\" \/><\/p>\n<h2>Les pr\u00e9paratifs avec un photographe de mariage au Clos des Sources Bonave.<\/h2>\n<p>Nicolas, de son c\u00f4t\u00e9, a v\u00e9cu des pr\u00e9paratifs dans un esprit de d\u00e9tente et d&rsquo;humour, Au Clos des Sources Bonave \u00e0 Ville-sur-Jarnioux. Un moment particuli\u00e8rement m\u00e9morable fut lorsque j&rsquo;ai captur\u00e9, avec une touche d&rsquo;humour, Nicolas sous la douche, un instant rarement captur\u00e9 lors des mariages, mais qui illustre parfaitement l&rsquo;esprit ouvert et d\u00e9contract\u00e9 de la journ\u00e9e. La c\u00e9r\u00e9monie elle-m\u00eame, un m\u00e9lange d&rsquo;\u00e9motions fortes et de moments intimes, a \u00e9t\u00e9 magnifi\u00e9e par l&rsquo;\u00e9change des v\u0153ux dans une \u00e9glise du Beaujolais, o\u00f9 l&rsquo;entr\u00e9e d&rsquo;Aliz\u00e9 et l&rsquo;arriv\u00e9e de Nicolas, accompagn\u00e9 de sa m\u00e8re dans une voiture vintage, ont \u00e9t\u00e9 des moments forts. La sortie des nouveaux mari\u00e9s sous un d\u00e9luge de bulles de savon a ajout\u00e9 une touche de magie et de f\u00e9erie \u00e0 l&rsquo;\u00e9v\u00e9nement.<\/p>\n<p style=\"text-align: center;\"><img decoding=\"async\" src=\"http:\/\/www.ilbstory.com\/blog-photographe\/wp-content\/uploads\/jarnioux\/manoir-de-la-garde-jarnioux-photographe-mariage-060.webp\" \/><br \/>\n<img decoding=\"async\" src=\"http:\/\/www.ilbstory.com\/blog-photographe\/wp-content\/uploads\/jarnioux\/manoir-de-la-garde-jarnioux-photographe-mariage-061.webp\" \/><br \/>\n<img decoding=\"async\" src=\"http:\/\/www.ilbstory.com\/blog-photographe\/wp-content\/uploads\/jarnioux\/manoir-de-la-garde-jarnioux-photographe-mariage-062.webp\" \/><br \/>\n<img decoding=\"async\" src=\"http:\/\/www.ilbstory.com\/blog-photographe\/wp-content\/uploads\/jarnioux\/manoir-de-la-garde-jarnioux-photographe-mariage-063.webp\" \/><br \/>\n<img decoding=\"async\" src=\"http:\/\/www.ilbstory.com\/blog-photographe\/wp-content\/uploads\/jarnioux\/manoir-de-la-garde-jarnioux-photographe-mariage-064.webp\" \/><br \/>\n<img decoding=\"async\" src=\"http:\/\/www.ilbstory.com\/blog-photographe\/wp-content\/uploads\/jarnioux\/manoir-de-la-garde-jarnioux-photographe-mariage-065.webp\" \/><br \/>\n<img decoding=\"async\" src=\"http:\/\/www.ilbstory.com\/blog-photographe\/wp-content\/uploads\/jarnioux\/manoir-de-la-garde-jarnioux-photographe-mariage-066.webp\" \/><br \/>\n<img decoding=\"async\" src=\"http:\/\/www.ilbstory.com\/blog-photographe\/wp-content\/uploads\/jarnioux\/manoir-de-la-garde-jarnioux-photographe-mariage-067.webp\" \/><br \/>\n<img decoding=\"async\" src=\"http:\/\/www.ilbstory.com\/blog-photographe\/wp-content\/uploads\/jarnioux\/manoir-de-la-garde-jarnioux-photographe-mariage-068.webp\" \/><br \/>\n<img decoding=\"async\" src=\"http:\/\/www.ilbstory.com\/blog-photographe\/wp-content\/uploads\/jarnioux\/manoir-de-la-garde-jarnioux-photographe-mariage-069.webp\" \/><br \/>\n<img decoding=\"async\" src=\"http:\/\/www.ilbstory.com\/blog-photographe\/wp-content\/uploads\/jarnioux\/manoir-de-la-garde-jarnioux-photographe-mariage-070.webp\" \/><br \/>\n<img decoding=\"async\" src=\"http:\/\/www.ilbstory.com\/blog-photographe\/wp-content\/uploads\/jarnioux\/manoir-de-la-garde-jarnioux-photographe-mariage-071.webp\" \/><br \/>\n<img decoding=\"async\" src=\"http:\/\/www.ilbstory.com\/blog-photographe\/wp-content\/uploads\/jarnioux\/manoir-de-la-garde-jarnioux-photographe-mariage-072.webp\" \/><br \/>\n<img decoding=\"async\" src=\"http:\/\/www.ilbstory.com\/blog-photographe\/wp-content\/uploads\/jarnioux\/manoir-de-la-garde-jarnioux-photographe-mariage-073.webp\" \/><br \/>\n<img decoding=\"async\" src=\"http:\/\/www.ilbstory.com\/blog-photographe\/wp-content\/uploads\/jarnioux\/manoir-de-la-garde-jarnioux-photographe-mariage-074.webp\" \/><br \/>\n<img decoding=\"async\" src=\"http:\/\/www.ilbstory.com\/blog-photographe\/wp-content\/uploads\/jarnioux\/manoir-de-la-garde-jarnioux-photographe-mariage-075.webp\" \/><br \/>\n<img decoding=\"async\" src=\"http:\/\/www.ilbstory.com\/blog-photographe\/wp-content\/uploads\/jarnioux\/manoir-de-la-garde-jarnioux-photographe-mariage-076.webp\" \/><br \/>\n<img decoding=\"async\" src=\"http:\/\/www.ilbstory.com\/blog-photographe\/wp-content\/uploads\/jarnioux\/manoir-de-la-garde-jarnioux-photographe-mariage-077.webp\" \/><br \/>\n<img decoding=\"async\" src=\"http:\/\/www.ilbstory.com\/blog-photographe\/wp-content\/uploads\/jarnioux\/manoir-de-la-garde-jarnioux-photographe-mariage-078.webp\" \/><br \/>\n<img decoding=\"async\" src=\"http:\/\/www.ilbstory.com\/blog-photographe\/wp-content\/uploads\/jarnioux\/manoir-de-la-garde-jarnioux-photographe-mariage-079.webp\" \/><br \/>\n<img decoding=\"async\" src=\"http:\/\/www.ilbstory.com\/blog-photographe\/wp-content\/uploads\/jarnioux\/manoir-de-la-garde-jarnioux-photographe-mariage-080.webp\" \/><br \/>\n<img decoding=\"async\" src=\"http:\/\/www.ilbstory.com\/blog-photographe\/wp-content\/uploads\/jarnioux\/manoir-de-la-garde-jarnioux-photographe-mariage-081.webp\" \/><br \/>\n<img decoding=\"async\" src=\"http:\/\/www.ilbstory.com\/blog-photographe\/wp-content\/uploads\/jarnioux\/manoir-de-la-garde-jarnioux-photographe-mariage-082.webp\" \/><br \/>\n<img decoding=\"async\" src=\"http:\/\/www.ilbstory.com\/blog-photographe\/wp-content\/uploads\/jarnioux\/manoir-de-la-garde-jarnioux-photographe-mariage-083.webp\" \/><br \/>\n<img decoding=\"async\" src=\"http:\/\/www.ilbstory.com\/blog-photographe\/wp-content\/uploads\/jarnioux\/manoir-de-la-garde-jarnioux-photographe-mariage-084.webp\" \/><br \/>\n<img decoding=\"async\" src=\"http:\/\/www.ilbstory.com\/blog-photographe\/wp-content\/uploads\/jarnioux\/manoir-de-la-garde-jarnioux-photographe-mariage-085.webp\" \/><br \/>\n<img decoding=\"async\" src=\"http:\/\/www.ilbstory.com\/blog-photographe\/wp-content\/uploads\/jarnioux\/manoir-de-la-garde-jarnioux-photographe-mariage-086.webp\" \/><br \/>\n<img decoding=\"async\" src=\"http:\/\/www.ilbstory.com\/blog-photographe\/wp-content\/uploads\/jarnioux\/manoir-de-la-garde-jarnioux-photographe-mariage-087.webp\" \/><br \/>\n<img decoding=\"async\" src=\"http:\/\/www.ilbstory.com\/blog-photographe\/wp-content\/uploads\/jarnioux\/manoir-de-la-garde-jarnioux-photographe-mariage-088.webp\" \/><br \/>\n<img decoding=\"async\" src=\"http:\/\/www.ilbstory.com\/blog-photographe\/wp-content\/uploads\/jarnioux\/manoir-de-la-garde-jarnioux-photographe-mariage-089.webp\" \/><br \/>\n<img decoding=\"async\" src=\"http:\/\/www.ilbstory.com\/blog-photographe\/wp-content\/uploads\/jarnioux\/manoir-de-la-garde-jarnioux-photographe-mariage-090.webp\" \/><br \/>\n<img decoding=\"async\" src=\"http:\/\/www.ilbstory.com\/blog-photographe\/wp-content\/uploads\/jarnioux\/manoir-de-la-garde-jarnioux-photographe-mariage-091.webp\" \/><br \/>\n<img decoding=\"async\" src=\"http:\/\/www.ilbstory.com\/blog-photographe\/wp-content\/uploads\/jarnioux\/manoir-de-la-garde-jarnioux-photographe-mariage-092.webp\" \/><br \/>\n<img decoding=\"async\" src=\"http:\/\/www.ilbstory.com\/blog-photographe\/wp-content\/uploads\/jarnioux\/manoir-de-la-garde-jarnioux-photographe-mariage-093.webp\" \/><br \/>\n<img decoding=\"async\" src=\"http:\/\/www.ilbstory.com\/blog-photographe\/wp-content\/uploads\/jarnioux\/manoir-de-la-garde-jarnioux-photographe-mariage-094.webp\" \/><br \/>\n<img decoding=\"async\" src=\"http:\/\/www.ilbstory.com\/blog-photographe\/wp-content\/uploads\/jarnioux\/manoir-de-la-garde-jarnioux-photographe-mariage-095.webp\" \/><br \/>\n<img decoding=\"async\" src=\"http:\/\/www.ilbstory.com\/blog-photographe\/wp-content\/uploads\/jarnioux\/manoir-de-la-garde-jarnioux-photographe-mariage-096.webp\" \/><br \/>\n<img decoding=\"async\" src=\"http:\/\/www.ilbstory.com\/blog-photographe\/wp-content\/uploads\/jarnioux\/manoir-de-la-garde-jarnioux-photographe-mariage-097.webp\" \/><br \/>\n<img decoding=\"async\" src=\"http:\/\/www.ilbstory.com\/blog-photographe\/wp-content\/uploads\/jarnioux\/manoir-de-la-garde-jarnioux-photographe-mariage-098.webp\" \/><\/p>\n<p style=\"text-align: center;\">Voici la deuxi\u00e8me s\u00e9ance de couple, faite apr\u00e8s leur retour de voyage.<\/p>\n<p><img decoding=\"async\" src=\"http:\/\/www.ilbstory.com\/blog-photographe\/wp-content\/uploads\/jarnioux\/manoir-de-la-garde-jarnioux-photographe-mariage-099.webp\" \/><br \/>\n<img decoding=\"async\" src=\"http:\/\/www.ilbstory.com\/blog-photographe\/wp-content\/uploads\/jarnioux\/manoir-de-la-garde-jarnioux-photographe-mariage-100.webp\" \/><br \/>\n<img decoding=\"async\" src=\"http:\/\/www.ilbstory.com\/blog-photographe\/wp-content\/uploads\/jarnioux\/manoir-de-la-garde-jarnioux-photographe-mariage-101.webp\" \/><br \/>\n<img decoding=\"async\" src=\"http:\/\/www.ilbstory.com\/blog-photographe\/wp-content\/uploads\/jarnioux\/manoir-de-la-garde-jarnioux-photographe-mariage-102.webp\" \/><br \/>\n<img decoding=\"async\" src=\"http:\/\/www.ilbstory.com\/blog-photographe\/wp-content\/uploads\/jarnioux\/manoir-de-la-garde-jarnioux-photographe-mariage-103.webp\" \/><br \/>\n<img decoding=\"async\" src=\"http:\/\/www.ilbstory.com\/blog-photographe\/wp-content\/uploads\/jarnioux\/manoir-de-la-garde-jarnioux-photographe-mariage-104.webp\" \/><br \/>\n<img decoding=\"async\" src=\"http:\/\/www.ilbstory.com\/blog-photographe\/wp-content\/uploads\/jarnioux\/manoir-de-la-garde-jarnioux-photographe-mariage-105.webp\" \/><br \/>\n<img decoding=\"async\" src=\"http:\/\/www.ilbstory.com\/blog-photographe\/wp-content\/uploads\/jarnioux\/manoir-de-la-garde-jarnioux-photographe-mariage-106.webp\" \/><br \/>\n<img decoding=\"async\" src=\"http:\/\/www.ilbstory.com\/blog-photographe\/wp-content\/uploads\/jarnioux\/manoir-de-la-garde-jarnioux-photographe-mariage-107.webp\" \/><br \/>\n<img decoding=\"async\" src=\"http:\/\/www.ilbstory.com\/blog-photographe\/wp-content\/uploads\/jarnioux\/manoir-de-la-garde-jarnioux-photographe-mariage-108.webp\" \/><br \/>\n<img decoding=\"async\" src=\"http:\/\/www.ilbstory.com\/blog-photographe\/wp-content\/uploads\/jarnioux\/manoir-de-la-garde-jarnioux-photographe-mariage-109.webp\" \/><br \/>\n<img decoding=\"async\" src=\"http:\/\/www.ilbstory.com\/blog-photographe\/wp-content\/uploads\/jarnioux\/manoir-de-la-garde-jarnioux-photographe-mariage-110.webp\" \/><br \/>\n<img decoding=\"async\" src=\"http:\/\/www.ilbstory.com\/blog-photographe\/wp-content\/uploads\/jarnioux\/manoir-de-la-garde-jarnioux-photographe-mariage-111.webp\" \/><br \/>\n<img decoding=\"async\" src=\"http:\/\/www.ilbstory.com\/blog-photographe\/wp-content\/uploads\/jarnioux\/manoir-de-la-garde-jarnioux-photographe-mariage-112.webp\" \/><br \/>\n<img decoding=\"async\" src=\"http:\/\/www.ilbstory.com\/blog-photographe\/wp-content\/uploads\/jarnioux\/manoir-de-la-garde-jarnioux-photographe-mariage-113.webp\" \/><br \/>\n<img decoding=\"async\" src=\"http:\/\/www.ilbstory.com\/blog-photographe\/wp-content\/uploads\/jarnioux\/manoir-de-la-garde-jarnioux-photographe-mariage-114.webp\" \/><br \/>\n<img decoding=\"async\" src=\"http:\/\/www.ilbstory.com\/blog-photographe\/wp-content\/uploads\/jarnioux\/manoir-de-la-garde-jarnioux-photographe-mariage-115.webp\" \/><br \/>\n<img decoding=\"async\" src=\"http:\/\/www.ilbstory.com\/blog-photographe\/wp-content\/uploads\/jarnioux\/manoir-de-la-garde-jarnioux-photographe-mariage-116.webp\" \/><br \/>\n<img decoding=\"async\" src=\"http:\/\/www.ilbstory.com\/blog-photographe\/wp-content\/uploads\/jarnioux\/manoir-de-la-garde-jarnioux-photographe-mariage-117.webp\" \/><br \/>\n<img decoding=\"async\" src=\"http:\/\/www.ilbstory.com\/blog-photographe\/wp-content\/uploads\/jarnioux\/manoir-de-la-garde-jarnioux-photographe-mariage-118.webp\" \/><br \/>\n<img decoding=\"async\" src=\"http:\/\/www.ilbstory.com\/blog-photographe\/wp-content\/uploads\/jarnioux\/manoir-de-la-garde-jarnioux-photographe-mariage-119.webp\" \/><br \/>\n<img decoding=\"async\" src=\"http:\/\/www.ilbstory.com\/blog-photographe\/wp-content\/uploads\/jarnioux\/manoir-de-la-garde-jarnioux-photographe-mariage-120.webp\" \/><br \/>\n<img decoding=\"async\" src=\"http:\/\/www.ilbstory.com\/blog-photographe\/wp-content\/uploads\/jarnioux\/manoir-de-la-garde-jarnioux-photographe-mariage-121.webp\" \/><br \/>\n<img decoding=\"async\" src=\"http:\/\/www.ilbstory.com\/blog-photographe\/wp-content\/uploads\/jarnioux\/manoir-de-la-garde-jarnioux-photographe-mariage-122.webp\" \/><br \/>\n<img decoding=\"async\" src=\"http:\/\/www.ilbstory.com\/blog-photographe\/wp-content\/uploads\/jarnioux\/manoir-de-la-garde-jarnioux-photographe-mariage-123.webp\" \/><br \/>\n<img decoding=\"async\" src=\"http:\/\/www.ilbstory.com\/blog-photographe\/wp-content\/uploads\/jarnioux\/manoir-de-la-garde-jarnioux-photographe-mariage-124.webp\" \/><br \/>\n<img decoding=\"async\" src=\"http:\/\/www.ilbstory.com\/blog-photographe\/wp-content\/uploads\/jarnioux\/manoir-de-la-garde-jarnioux-photographe-mariage-125.webp\" \/><br \/>\n<img decoding=\"async\" src=\"http:\/\/www.ilbstory.com\/blog-photographe\/wp-content\/uploads\/jarnioux\/manoir-de-la-garde-jarnioux-photographe-mariage-126.webp\" \/><br \/>\n<img decoding=\"async\" src=\"http:\/\/www.ilbstory.com\/blog-photographe\/wp-content\/uploads\/jarnioux\/manoir-de-la-garde-jarnioux-photographe-mariage-127.webp\" \/><br \/>\n<img decoding=\"async\" src=\"http:\/\/www.ilbstory.com\/blog-photographe\/wp-content\/uploads\/jarnioux\/manoir-de-la-garde-jarnioux-photographe-mariage-128.webp\" \/><br \/>\n<img decoding=\"async\" src=\"http:\/\/www.ilbstory.com\/blog-photographe\/wp-content\/uploads\/jarnioux\/manoir-de-la-garde-jarnioux-photographe-mariage-129.webp\" \/><br \/>\n<img decoding=\"async\" src=\"http:\/\/www.ilbstory.com\/blog-photographe\/wp-content\/uploads\/jarnioux\/manoir-de-la-garde-jarnioux-photographe-mariage-130.webp\" \/><br \/>\n<img decoding=\"async\" src=\"http:\/\/www.ilbstory.com\/blog-photographe\/wp-content\/uploads\/jarnioux\/manoir-de-la-garde-jarnioux-photographe-mariage-131.webp\" \/><br \/>\n<img decoding=\"async\" src=\"http:\/\/www.ilbstory.com\/blog-photographe\/wp-content\/uploads\/jarnioux\/manoir-de-la-garde-jarnioux-photographe-mariage-132.webp\" \/><br \/>\n<img decoding=\"async\" src=\"http:\/\/www.ilbstory.com\/blog-photographe\/wp-content\/uploads\/jarnioux\/manoir-de-la-garde-jarnioux-photographe-mariage-133.webp\" \/><br \/>\n<img decoding=\"async\" src=\"http:\/\/www.ilbstory.com\/blog-photographe\/wp-content\/uploads\/jarnioux\/manoir-de-la-garde-jarnioux-photographe-mariage-134.webp\" \/><br \/>\n<img decoding=\"async\" src=\"http:\/\/www.ilbstory.com\/blog-photographe\/wp-content\/uploads\/jarnioux\/manoir-de-la-garde-jarnioux-photographe-mariage-135.webp\" \/><\/p>\n<h2>ILB Story, photographe de mariage Lyon : Le Manoir de la Garde et Le Clos des Sources Bonave, Cadres d&rsquo;un jour m\u00e9morable<\/h2>\n<p>Le Manoir de la Garde s&rsquo;est r\u00e9v\u00e9l\u00e9 \u00eatre plus qu&rsquo;un simple lieu de r\u00e9ception ; c&rsquo;\u00e9tait un espace o\u00f9 chaque d\u00e9tail, du grand jardin avec son bassin de carpes Ko\u00ef au caveau accueillant le cocktail, contribuait \u00e0 cr\u00e9er une atmosph\u00e8re unique et inoubliable pour un photographe de mariage Lyon. Malgr\u00e9 une averse impromptue, l&rsquo;ambiance est rest\u00e9e joyeuse et chaleureuse. Les photos t\u00e9moignent de la capacit\u00e9 d&rsquo;Aliz\u00e9 et Nicolas \u00e0 transformer chaque instant en souvenir intemporel.<\/p>\n<p>Ce mariage, du d\u00e9but \u00e0 la fin, a \u00e9t\u00e9 une c\u00e9l\u00e9bration de l&rsquo;amour, de l&rsquo;amiti\u00e9, et de la joie. En tant que <span style=\"color: #800000;\"><a style=\"color: #800000;\" href=\"https:\/\/www.ilbstory.com\/\" target=\"_blank\" rel=\"noopener\"><span style=\"color: #800000;\">photographe de mariage \u00e0 Lyon<\/span><\/a><\/span>, avoir la chance de documenter l&rsquo;union d&rsquo;Aliz\u00e9 et Nicolas au Manoir de la Garde et au Le Clos des Sources Bonave \u00e0 Ville-sur-Jarnioux a \u00e9t\u00e9 un honneur et un plaisir inoubliables.<\/p>\n<p>Chaque photo prise ce jour-l\u00e0 raconte une histoire d&rsquo;amour, de rire, et de bonheur partag\u00e9, des souvenirs qui, je l&rsquo;esp\u00e8re, continueront \u00e0 r\u00e9chauffer leurs c\u0153urs pour les ann\u00e9es \u00e0 venir. D\u00e9couvrez plus sur mon approche unique en tant que photographe de mariage \u00e0 Lyon[\/vc_column_text][\/vc_column][\/vc_row][vc_row][vc_column width=\u00a0\u00bb1\/1&Prime;][uncode_index loop=\u00a0\u00bbsize:2|order_by:title|post_type:post|by_id:1359,82823|taxonomy_count:10&Prime; screen_lg=\u00a0\u00bb1000&Prime; screen_md=\u00a0\u00bb600&Prime; screen_sm=\u00a0\u00bb480&Prime; gutter_size=\u00a0\u00bb3&Prime; post_items=\u00a0\u00bbmedia|featured|onpost|original,title\u00a0\u00bb single_overlay_opacity=\u00a0\u00bb50&Prime; single_padding=\u00a0\u00bb2&Prime; uncode_shortcode_id=\u00a0\u00bb121968&Prime;][\/vc_column][\/vc_row]<\/p>\n<\/div>","protected":false},"excerpt":{"rendered":"<p>[vc_row][vc_column column_width_percent=\u00a0\u00bb75&Prime; gutter_size=\u00a0\u00bb3&Prime; overlay_alpha=\u00a0\u00bb50&Prime; shift_x=\u00a0\u00bb0&Prime; shift_y=\u00a0\u00bb0&Prime; shift_y_down=\u00a0\u00bb0&Prime; z_index=\u00a0\u00bb0&Prime; medium_width=\u00a0\u00bb0&Prime; mobile_width=\u00a0\u00bb0&Prime; width=\u00a0\u00bb1\/1&Prime;][vc_custom_heading heading_semantic=\u00a0\u00bbh1&Prime; text_font=\u00a0\u00bbfont-169825&Prime; text_size=\u00a0\u00bbh1&Prime; uncode_shortcode_id=\u00a0\u00bb210543&Prime;] Photographe de mariage Lyon : [&hellip;]<\/p>\n","protected":false},"author":1,"featured_media":83990,"comment_status":"open","ping_status":"open","sticky":false,"template":"","format":"standard","meta":{"footnotes":""},"categories":[29],"tags":[],"class_list":["post-6277","post","type-post","status-publish","format-standard","has-post-thumbnail","hentry","category-tout"],"psp_head":"<title>Manoir de la Garde Jarnioux \u2013 Photographe mariage lyon - Blog ILB Story<\/title>\r\n<meta name=\"description\" content=\"Photographe mariage lyon : Je vous pr\u00e9sente le magnifique mariage d&#039;Aliz\u00e9 et Nicolas au Manoir de la Garde \u00e0 Jarnioux. Un reportage que j&#039;ai r\u00e9alis\u00e9 au mois de juillet 2017\" \/>\r\n<meta name=\"robots\" content=\"index,follow\" \/>\r\n<link rel=\"canonical\" href=\"https:\/\/www.ilbstory.com\/blog-photographe\/manoir-de-la-garde-a-jarnioux\/\" \/>\r\n","_links":{"self":[{"href":"https:\/\/www.ilbstory.com\/blog-photographe\/wp-json\/wp\/v2\/posts\/6277","targetHints":{"allow":["GET"]}}],"collection":[{"href":"https:\/\/www.ilbstory.com\/blog-photographe\/wp-json\/wp\/v2\/posts"}],"about":[{"href":"https:\/\/www.ilbstory.com\/blog-photographe\/wp-json\/wp\/v2\/types\/post"}],"author":[{"embeddable":true,"href":"https:\/\/www.ilbstory.com\/blog-photographe\/wp-json\/wp\/v2\/users\/1"}],"replies":[{"embeddable":true,"href":"https:\/\/www.ilbstory.com\/blog-photographe\/wp-json\/wp\/v2\/comments?post=6277"}],"version-history":[{"count":17,"href":"https:\/\/www.ilbstory.com\/blog-photographe\/wp-json\/wp\/v2\/posts\/6277\/revisions"}],"predecessor-version":[{"id":83767,"href":"https:\/\/www.ilbstory.com\/blog-photographe\/wp-json\/wp\/v2\/posts\/6277\/revisions\/83767"}],"wp:featuredmedia":[{"embeddable":true,"href":"https:\/\/www.ilbstory.com\/blog-photographe\/wp-json\/wp\/v2\/media\/83990"}],"wp:attachment":[{"href":"https:\/\/www.ilbstory.com\/blog-photographe\/wp-json\/wp\/v2\/media?parent=6277"}],"wp:term":[{"taxonomy":"category","embeddable":true,"href":"https:\/\/www.ilbstory.com\/blog-photographe\/wp-json\/wp\/v2\/categories?post=6277"},{"taxonomy":"post_tag","embeddable":true,"href":"https:\/\/www.ilbstory.com\/blog-photographe\/wp-json\/wp\/v2\/tags?post=6277"}],"curies":[{"name":"wp","href":"https:\/\/api.w.org\/{rel}","templated":true}]}}