{"id":5384,"date":"2017-02-10T18:01:42","date_gmt":"2017-02-10T16:01:42","guid":{"rendered":"http:\/\/www.ilbstory.com\/blog-photographe\/?p=5384"},"modified":"2024-03-10T18:32:57","modified_gmt":"2024-03-10T17:32:57","slug":"seance-photo-antoine","status":"publish","type":"post","link":"https:\/\/www.ilbstory.com\/blog-photographe\/seance-photo-antoine\/","title":{"rendered":"S\u00e9ance photo Antoine"},"content":{"rendered":"<div class=\"wpb-content-wrapper\"><p>[vc_row][vc_column column_width_percent=\u00a0\u00bb75&Prime; gutter_size=\u00a0\u00bb3&Prime; overlay_alpha=\u00a0\u00bb50&Prime; shift_x=\u00a0\u00bb0&Prime; shift_y=\u00a0\u00bb0&Prime; shift_y_down=\u00a0\u00bb0&Prime; z_index=\u00a0\u00bb0&Prime; medium_width=\u00a0\u00bb0&Prime; mobile_width=\u00a0\u00bb0&Prime; width=\u00a0\u00bb1\/1&Prime;][vc_custom_heading heading_semantic=\u00a0\u00bbh1&Prime; text_font=\u00a0\u00bbfont-169825&Prime; text_size=\u00a0\u00bbh1&Prime; uncode_shortcode_id=\u00a0\u00bb157941&Prime;]<\/p>\n<h1>S\u00e9ance photo famille \u00e0 Lyon : Avec Antoine et ses parents<\/h1>\n<p>[\/vc_custom_heading][vc_column_text uncode_shortcode_id=\u00a0\u00bb100713&Prime;]La photographie de famille transcende les simples photos pour capturer la magie des moments partag\u00e9s, les \u00e9motions tangibles et les souvenirs imp\u00e9rissables. En tant que photographe de mariage \u00e0 Lyon et de famille, j&rsquo;ai eu l&rsquo;honneur de documenter l&rsquo;\u00e9volution de nombreuses familles, t\u00e9moignant de leur amour et de leur croissance. Aujourd&rsquo;hui, je suis ravi de partager une s\u00e9ance photo particuli\u00e8rement \u00e9mouvante : celle d&rsquo;Antoine et de ses parents, Amandine et Pierre-Marie, apr\u00e8s leur mariage \u00e0 Lyon au Manoir de la Garde, qui r\u00e9v\u00e8le la beaut\u00e9 de leur lien familial unique.[\/vc_column_text][\/vc_column][\/vc_row][vc_row][vc_column width=\u00a0\u00bb1\/1&Prime;][vc_column_text uncode_shortcode_id=\u00a0\u00bb180811&Prime;]<\/p>\n<p style=\"text-align: center;\"><img decoding=\"async\" src=\"http:\/\/www.ilbstory.com\/blog-photographe\/wp-content\/uploads\/seance-photo-bebe-antoine\/seance-photo-bebe-photographe-lyon-01.jpg\" \/><br \/>\n<img decoding=\"async\" src=\"http:\/\/www.ilbstory.com\/blog-photographe\/wp-content\/uploads\/seance-photo-bebe-antoine\/seance-photo-bebe-photographe-lyon-02.jpg\" \/><br \/>\n<img decoding=\"async\" src=\"http:\/\/www.ilbstory.com\/blog-photographe\/wp-content\/uploads\/seance-photo-bebe-antoine\/seance-photo-bebe-photographe-lyon-03.jpg\" \/><br \/>\n<img decoding=\"async\" src=\"http:\/\/www.ilbstory.com\/blog-photographe\/wp-content\/uploads\/seance-photo-bebe-antoine\/seance-photo-bebe-photographe-lyon-04.jpg\" \/><br \/>\n<img decoding=\"async\" src=\"http:\/\/www.ilbstory.com\/blog-photographe\/wp-content\/uploads\/seance-photo-bebe-antoine\/seance-photo-bebe-photographe-lyon-05.jpg\" \/><br \/>\n<img decoding=\"async\" src=\"http:\/\/www.ilbstory.com\/blog-photographe\/wp-content\/uploads\/seance-photo-bebe-antoine\/seance-photo-bebe-photographe-lyon-06.jpg\" \/><br \/>\n<img decoding=\"async\" src=\"http:\/\/www.ilbstory.com\/blog-photographe\/wp-content\/uploads\/seance-photo-bebe-antoine\/seance-photo-bebe-photographe-lyon-07.jpg\" \/><br \/>\n<img decoding=\"async\" src=\"http:\/\/www.ilbstory.com\/blog-photographe\/wp-content\/uploads\/seance-photo-bebe-antoine\/seance-photo-bebe-photographe-lyon-08.jpg\" \/><\/p>\n<h2>Rencontre avec Antoine et ses parents : Photographe mariage Lyon<\/h2>\n<p>Il y a deux ans, j&rsquo;ai \u00e9t\u00e9 le photographe de mariage d&rsquo;Amandine et Pierre-Marie, un moment inoubliable au <a href=\"https:\/\/www.ilbstory.com\/blog-photographe\/manoir-de-la-garde\/\" target=\"_blank\" rel=\"noopener\">Manoir De La Garde<\/a>, une exp\u00e9rience magique que j&rsquo;ai eu le plaisir de partager dans un pr\u00e9c\u00e9dent article. Leur aventure avec moi ne s&rsquo;est pas arr\u00eat\u00e9e l\u00e0. R\u00e9cemment, j&rsquo;ai eu la joie de les retrouver pour une s\u00e9ance photo avec leur nouveau-n\u00e9, Antoine, juste avant leur grand d\u00e9part pour les \u00c9tats-Unis. Cette s\u00e9ance \u00e9tait une c\u00e9l\u00e9bration de l&rsquo;arriv\u00e9e de leur petit tr\u00e9sor et des premiers instants de leur vie de famille \u00e9largie.<\/p>\n<p style=\"text-align: center;\"><img decoding=\"async\" src=\"http:\/\/www.ilbstory.com\/blog-photographe\/wp-content\/uploads\/seance-photo-bebe-antoine\/seance-photo-bebe-photographe-lyon-09.jpg\" \/><br \/>\n<img decoding=\"async\" src=\"http:\/\/www.ilbstory.com\/blog-photographe\/wp-content\/uploads\/seance-photo-bebe-antoine\/seance-photo-bebe-photographe-lyon-10.jpg\" \/><br \/>\n<img decoding=\"async\" src=\"http:\/\/www.ilbstory.com\/blog-photographe\/wp-content\/uploads\/seance-photo-bebe-antoine\/seance-photo-bebe-photographe-lyon-11.jpg\" \/><br \/>\n<img decoding=\"async\" src=\"http:\/\/www.ilbstory.com\/blog-photographe\/wp-content\/uploads\/seance-photo-bebe-antoine\/seance-photo-bebe-photographe-lyon-12.jpg\" \/><br \/>\n<img decoding=\"async\" src=\"http:\/\/www.ilbstory.com\/blog-photographe\/wp-content\/uploads\/seance-photo-bebe-antoine\/seance-photo-bebe-photographe-lyon-13.jpg\" \/><br \/>\n<img decoding=\"async\" src=\"http:\/\/www.ilbstory.com\/blog-photographe\/wp-content\/uploads\/seance-photo-bebe-antoine\/seance-photo-bebe-photographe-lyon-14.jpg\" \/><br \/>\n<img decoding=\"async\" src=\"http:\/\/www.ilbstory.com\/blog-photographe\/wp-content\/uploads\/seance-photo-bebe-antoine\/seance-photo-bebe-photographe-lyon-15.jpg\" \/><br \/>\n<img decoding=\"async\" src=\"http:\/\/www.ilbstory.com\/blog-photographe\/wp-content\/uploads\/seance-photo-bebe-antoine\/seance-photo-bebe-photographe-lyon-16.jpg\" \/><br \/>\n<img decoding=\"async\" src=\"http:\/\/www.ilbstory.com\/blog-photographe\/wp-content\/uploads\/seance-photo-bebe-antoine\/seance-photo-bebe-photographe-lyon-17.jpg\" \/><\/p>\n<h2>La magie de la s\u00e9ance photo de famille<\/h2>\n<p>Le choix du cadre pour cette s\u00e9ance \u00e9tait primordial. Nous avons s\u00e9lectionn\u00e9 un lieu f\u00e9erique, nich\u00e9 entre for\u00eat et ruisseau, o\u00f9 la nature se d\u00e9voilait dans toute sa majest\u00e9. Antoine, d\u00e9couvrant pour la premi\u00e8re fois cet environnement, nous a gratifi\u00e9s de moments d&rsquo;une puret\u00e9 et d&rsquo;une spontan\u00e9it\u00e9 inoubliables. Ses expressions curieuses, son \u00e9merveillement face aux merveilles naturelles et sa vivacit\u00e9 ont \u00e9t\u00e9 captur\u00e9s gr\u00e2ce \u00e0 une approche photographique ax\u00e9e sur l&rsquo;authenticit\u00e9 et l&rsquo;instantan\u00e9. J&rsquo;ai employ\u00e9 une approche photographique, comme dans mes reportages de mariage, pour saisir la lumi\u00e8re naturelle, mettant en valeur la spontan\u00e9it\u00e9 des expressions et la tendresse des interactions familiales.<\/p>\n<p style=\"text-align: center;\"><img decoding=\"async\" src=\"http:\/\/www.ilbstory.com\/blog-photographe\/wp-content\/uploads\/seance-photo-bebe-antoine\/seance-photo-bebe-photographe-lyon-18.jpg\" \/><br \/>\n<img decoding=\"async\" src=\"http:\/\/www.ilbstory.com\/blog-photographe\/wp-content\/uploads\/seance-photo-bebe-antoine\/seance-photo-bebe-photographe-lyon-19.jpg\" \/><br \/>\n<img decoding=\"async\" src=\"http:\/\/www.ilbstory.com\/blog-photographe\/wp-content\/uploads\/seance-photo-bebe-antoine\/seance-photo-bebe-photographe-lyon-20.jpg\" \/><br \/>\n<img decoding=\"async\" src=\"http:\/\/www.ilbstory.com\/blog-photographe\/wp-content\/uploads\/seance-photo-bebe-antoine\/seance-photo-bebe-photographe-lyon-21.jpg\" \/><br \/>\n<img decoding=\"async\" src=\"http:\/\/www.ilbstory.com\/blog-photographe\/wp-content\/uploads\/seance-photo-bebe-antoine\/seance-photo-bebe-photographe-lyon-22.jpg\" \/><br \/>\n<img decoding=\"async\" src=\"http:\/\/www.ilbstory.com\/blog-photographe\/wp-content\/uploads\/seance-photo-bebe-antoine\/seance-photo-bebe-photographe-lyon-23.jpg\" \/><br \/>\n<img decoding=\"async\" src=\"http:\/\/www.ilbstory.com\/blog-photographe\/wp-content\/uploads\/seance-photo-bebe-antoine\/seance-photo-bebe-photographe-lyon-24.jpg\" \/><br \/>\n<img decoding=\"async\" src=\"http:\/\/www.ilbstory.com\/blog-photographe\/wp-content\/uploads\/seance-photo-bebe-antoine\/seance-photo-bebe-photographe-lyon-25.jpg\" \/><\/p>\n<h2>Techniques photographiques et approche personnelle<\/h2>\n<p>Photographier un enfant exige une approche douce, patiente et un \u0153il pour saisir la spontan\u00e9it\u00e9 de l&rsquo;enfance : curiosit\u00e9, joie et innocence. J&rsquo;ai utilis\u00e9 la lumi\u00e8re naturelle pour adoucir les sc\u00e8nes et capturer des moments authentiques, tout en encourageant la famille \u00e0 interagir de mani\u00e8re naturelle. Cela a permis de cr\u00e9er des photos vivantes, remplies d&rsquo;\u00e9motions. Cette s\u00e9ance refl\u00e8te mon engagement \u00e0 documenter les moments pr\u00e9cieux de la vie, en soulignant la beaut\u00e9 des liens familiaux.<\/p>\n<p style=\"text-align: center;\"><img decoding=\"async\" src=\"http:\/\/www.ilbstory.com\/blog-photographe\/wp-content\/uploads\/seance-photo-bebe-antoine\/seance-photo-bebe-photographe-lyon-26.jpg\" \/><br \/>\n<img decoding=\"async\" src=\"http:\/\/www.ilbstory.com\/blog-photographe\/wp-content\/uploads\/seance-photo-bebe-antoine\/seance-photo-bebe-photographe-lyon-27.jpg\" \/><br \/>\n<img decoding=\"async\" src=\"http:\/\/www.ilbstory.com\/blog-photographe\/wp-content\/uploads\/seance-photo-bebe-antoine\/seance-photo-bebe-photographe-lyon-28.jpg\" \/><br \/>\n<img decoding=\"async\" src=\"http:\/\/www.ilbstory.com\/blog-photographe\/wp-content\/uploads\/seance-photo-bebe-antoine\/seance-photo-bebe-photographe-lyon-29.jpg\" \/><br \/>\n<img decoding=\"async\" src=\"http:\/\/www.ilbstory.com\/blog-photographe\/wp-content\/uploads\/seance-photo-bebe-antoine\/seance-photo-bebe-photographe-lyon-30.jpg\" \/><br \/>\n<img decoding=\"async\" src=\"http:\/\/www.ilbstory.com\/blog-photographe\/wp-content\/uploads\/seance-photo-bebe-antoine\/seance-photo-bebe-photographe-lyon-31.jpg\" \/><br \/>\n<img decoding=\"async\" src=\"http:\/\/www.ilbstory.com\/blog-photographe\/wp-content\/uploads\/seance-photo-bebe-antoine\/seance-photo-bebe-photographe-lyon-32.jpg\" \/><\/p>\n<h2>L&rsquo;importance de la s\u00e9ance photos en famille<\/h2>\n<p>Cette s\u00e9ance photo avec Antoine et ses parents met en lumi\u00e8re l&rsquo;importance de capturer les \u00e9tapes cl\u00e9s de la vie familiale. Chaque photographie raconte une histoire, celle d&rsquo;un instant \u00e9ph\u00e9m\u00e8re transform\u00e9 en souvenir \u00e9ternel, comme dans un mariage. Pour les familles, ces photos deviennent un tr\u00e9sor, un rappel tangible de moments de bonheur partag\u00e9s. En tant que photographe de mariage \u00e0 Lyon et de famille, mon but est de cr\u00e9er des souvenirs qui traverseront les ann\u00e9es, permettant aux familles de revivre ces souvenirs pr\u00e9cieux \u00e0 tout moment.<\/p>\n<p style=\"text-align: center;\"><img decoding=\"async\" src=\"http:\/\/www.ilbstory.com\/blog-photographe\/wp-content\/uploads\/seance-photo-bebe-antoine\/seance-photo-bebe-photographe-lyon-33.jpg\" \/><br \/>\n<img decoding=\"async\" src=\"http:\/\/www.ilbstory.com\/blog-photographe\/wp-content\/uploads\/seance-photo-bebe-antoine\/seance-photo-bebe-photographe-lyon-34.jpg\" \/><br \/>\n<img decoding=\"async\" src=\"http:\/\/www.ilbstory.com\/blog-photographe\/wp-content\/uploads\/seance-photo-bebe-antoine\/seance-photo-bebe-photographe-lyon-35.jpg\" \/><br \/>\n<img decoding=\"async\" src=\"http:\/\/www.ilbstory.com\/blog-photographe\/wp-content\/uploads\/seance-photo-bebe-antoine\/seance-photo-bebe-photographe-lyon-36.jpg\" \/><br \/>\n<img decoding=\"async\" src=\"http:\/\/www.ilbstory.com\/blog-photographe\/wp-content\/uploads\/seance-photo-bebe-antoine\/seance-photo-bebe-photographe-lyon-37.jpg\" \/><br \/>\n<img decoding=\"async\" src=\"http:\/\/www.ilbstory.com\/blog-photographe\/wp-content\/uploads\/seance-photo-bebe-antoine\/seance-photo-bebe-photographe-lyon-38.jpg\" \/><br \/>\n<img decoding=\"async\" src=\"http:\/\/www.ilbstory.com\/blog-photographe\/wp-content\/uploads\/seance-photo-bebe-antoine\/seance-photo-bebe-photographe-lyon-39.jpg\" \/><br \/>\n<img decoding=\"async\" src=\"http:\/\/www.ilbstory.com\/blog-photographe\/wp-content\/uploads\/seance-photo-bebe-antoine\/seance-photo-bebe-photographe-lyon-40.jpg\" \/><br \/>\n<img decoding=\"async\" src=\"http:\/\/www.ilbstory.com\/blog-photographe\/wp-content\/uploads\/seance-photo-bebe-antoine\/seance-photo-bebe-photographe-lyon-41.jpg\" \/><br \/>\n<img decoding=\"async\" src=\"http:\/\/www.ilbstory.com\/blog-photographe\/wp-content\/uploads\/seance-photo-bebe-antoine\/seance-photo-bebe-photographe-lyon-42.jpg\" \/><br \/>\n<img decoding=\"async\" src=\"http:\/\/www.ilbstory.com\/blog-photographe\/wp-content\/uploads\/seance-photo-bebe-antoine\/seance-photo-bebe-photographe-lyon-43.jpg\" \/><br \/>\n<img decoding=\"async\" src=\"http:\/\/www.ilbstory.com\/blog-photographe\/wp-content\/uploads\/seance-photo-bebe-antoine\/seance-photo-bebe-photographe-lyon-44.jpg\" \/><br \/>\n<img decoding=\"async\" src=\"http:\/\/www.ilbstory.com\/blog-photographe\/wp-content\/uploads\/seance-photo-bebe-antoine\/seance-photo-bebe-photographe-lyon-45.jpg\" \/><br \/>\n<img decoding=\"async\" src=\"http:\/\/www.ilbstory.com\/blog-photographe\/wp-content\/uploads\/seance-photo-bebe-antoine\/seance-photo-bebe-photographe-lyon-46.jpg\" \/><br \/>\n<img decoding=\"async\" src=\"http:\/\/www.ilbstory.com\/blog-photographe\/wp-content\/uploads\/seance-photo-bebe-antoine\/seance-photo-bebe-photographe-lyon-47.jpg\" \/><br \/>\n<img decoding=\"async\" src=\"http:\/\/www.ilbstory.com\/blog-photographe\/wp-content\/uploads\/seance-photo-bebe-antoine\/seance-photo-bebe-photographe-lyon-48.jpg\" \/><br \/>\n<img decoding=\"async\" src=\"http:\/\/www.ilbstory.com\/blog-photographe\/wp-content\/uploads\/seance-photo-bebe-antoine\/seance-photo-bebe-photographe-lyon-49.jpg\" \/><br \/>\n<img decoding=\"async\" src=\"http:\/\/www.ilbstory.com\/blog-photographe\/wp-content\/uploads\/seance-photo-bebe-antoine\/seance-photo-bebe-photographe-lyon-50.jpg\" \/><br \/>\n<img decoding=\"async\" src=\"http:\/\/www.ilbstory.com\/blog-photographe\/wp-content\/uploads\/seance-photo-bebe-antoine\/seance-photo-bebe-photographe-lyon-51.jpg\" \/><br \/>\n<img decoding=\"async\" src=\"http:\/\/www.ilbstory.com\/blog-photographe\/wp-content\/uploads\/seance-photo-bebe-antoine\/seance-photo-bebe-photographe-lyon-52.jpg\" \/><br \/>\n<img decoding=\"async\" src=\"http:\/\/www.ilbstory.com\/blog-photographe\/wp-content\/uploads\/seance-photo-bebe-antoine\/seance-photo-bebe-photographe-lyon-53.jpg\" \/><br \/>\n<img decoding=\"async\" src=\"http:\/\/www.ilbstory.com\/blog-photographe\/wp-content\/uploads\/seance-photo-bebe-antoine\/seance-photo-bebe-photographe-lyon-54.jpg\" \/><br \/>\n<img decoding=\"async\" src=\"http:\/\/www.ilbstory.com\/blog-photographe\/wp-content\/uploads\/seance-photo-bebe-antoine\/seance-photo-bebe-photographe-lyon-55.jpg\" \/><br \/>\n<img decoding=\"async\" src=\"http:\/\/www.ilbstory.com\/blog-photographe\/wp-content\/uploads\/seance-photo-bebe-antoine\/seance-photo-bebe-photographe-lyon-56.jpg\" \/><br \/>\n<img decoding=\"async\" src=\"http:\/\/www.ilbstory.com\/blog-photographe\/wp-content\/uploads\/seance-photo-bebe-antoine\/seance-photo-bebe-photographe-lyon-57.jpg\" \/><br \/>\n<img decoding=\"async\" src=\"http:\/\/www.ilbstory.com\/blog-photographe\/wp-content\/uploads\/seance-photo-bebe-antoine\/seance-photo-bebe-photographe-lyon-58.jpg\" \/><\/p>\n<h2>ILB Story \u2013 Photographe de mariage \u00e0 Lyon et s\u00e9ance photo famille<\/h2>\n<p>Revivre les moments importants de la vie \u00e0 travers la photographie est un cadeau inestimable. Si vous d\u00e9sirez capturer les liens de votre famille dans un cadre naturel et authentique, je serais honor\u00e9 de vous accompagner dans cette belle aventure. Ensemble, cr\u00e9ons des souvenirs qui raconteront votre histoire. Contactez moi pour planifier votre s\u00e9ance photo en famille \u00e0 Lyon, ou si vous recherchez un photographe de mariage \u00e0 Lyon. Laissez moi immortaliser les moments qui comptent le plus pour vous.[\/vc_column_text][\/vc_column][\/vc_row][vc_row][vc_column width=\u00a0\u00bb1\/1&Prime;][uncode_index loop=\u00a0\u00bbsize:3|order_by:date|post_type:post|by_id:5878,6478,5906|taxonomy_count:10&Prime; screen_lg=\u00a0\u00bb1000&Prime; screen_md=\u00a0\u00bb600&Prime; screen_sm=\u00a0\u00bb480&Prime; gutter_size=\u00a0\u00bb3&Prime; post_items=\u00a0\u00bbmedia|featured|onpost|original,title\u00a0\u00bb single_overlay_opacity=\u00a0\u00bb50&Prime; single_padding=\u00a0\u00bb2&Prime; uncode_shortcode_id=\u00a0\u00bb167768&Prime;][\/vc_column][\/vc_row]<\/p>\n<\/div>","protected":false},"excerpt":{"rendered":"<p>[vc_row][vc_column column_width_percent=\u00a0\u00bb75&Prime; gutter_size=\u00a0\u00bb3&Prime; overlay_alpha=\u00a0\u00bb50&Prime; shift_x=\u00a0\u00bb0&Prime; shift_y=\u00a0\u00bb0&Prime; shift_y_down=\u00a0\u00bb0&Prime; z_index=\u00a0\u00bb0&Prime; medium_width=\u00a0\u00bb0&Prime; mobile_width=\u00a0\u00bb0&Prime; width=\u00a0\u00bb1\/1&Prime;][vc_custom_heading heading_semantic=\u00a0\u00bbh1&Prime; text_font=\u00a0\u00bbfont-169825&Prime; text_size=\u00a0\u00bbh1&Prime; uncode_shortcode_id=\u00a0\u00bb157941&Prime;] S\u00e9ance photo famille \u00e0 Lyon [&hellip;]<\/p>\n","protected":false},"author":1,"featured_media":5358,"comment_status":"open","ping_status":"open","sticky":false,"template":"","format":"standard","meta":{"footnotes":""},"categories":[29],"tags":[35],"class_list":["post-5384","post","type-post","status-publish","format-standard","has-post-thumbnail","hentry","category-tout","tag-seance-photo-bebe"],"psp_head":"<title>S\u00e9ance photo b\u00e9b\u00e9 - Antoine - Photographe lyon \u2013 Photographe mariage lyon - Blog ILB Story<\/title>\r\n<meta name=\"description\" content=\"Une s\u00e9ance photo en pleine nature avec b\u00e9b\u00e9 Antoine qui s&#039;est pr\u00eat\u00e9 volontiers \u00e0 ce shooting accompagn\u00e9 de ses parents que j&#039;avais d\u00e9j\u00e0 eu la chance de suivre pour leur mariage au Manoir de la Garde il y a deux ans.\" \/>\r\n<meta name=\"robots\" content=\"index,follow\" \/>\r\n<link rel=\"canonical\" href=\"https:\/\/www.ilbstory.com\/blog-photographe\/seance-photo-antoine\/\" \/>\r\n","_links":{"self":[{"href":"https:\/\/www.ilbstory.com\/blog-photographe\/wp-json\/wp\/v2\/posts\/5384","targetHints":{"allow":["GET"]}}],"collection":[{"href":"https:\/\/www.ilbstory.com\/blog-photographe\/wp-json\/wp\/v2\/posts"}],"about":[{"href":"https:\/\/www.ilbstory.com\/blog-photographe\/wp-json\/wp\/v2\/types\/post"}],"author":[{"embeddable":true,"href":"https:\/\/www.ilbstory.com\/blog-photographe\/wp-json\/wp\/v2\/users\/1"}],"replies":[{"embeddable":true,"href":"https:\/\/www.ilbstory.com\/blog-photographe\/wp-json\/wp\/v2\/comments?post=5384"}],"version-history":[{"count":15,"href":"https:\/\/www.ilbstory.com\/blog-photographe\/wp-json\/wp\/v2\/posts\/5384\/revisions"}],"predecessor-version":[{"id":83864,"href":"https:\/\/www.ilbstory.com\/blog-photographe\/wp-json\/wp\/v2\/posts\/5384\/revisions\/83864"}],"wp:featuredmedia":[{"embeddable":true,"href":"https:\/\/www.ilbstory.com\/blog-photographe\/wp-json\/wp\/v2\/media\/5358"}],"wp:attachment":[{"href":"https:\/\/www.ilbstory.com\/blog-photographe\/wp-json\/wp\/v2\/media?parent=5384"}],"wp:term":[{"taxonomy":"category","embeddable":true,"href":"https:\/\/www.ilbstory.com\/blog-photographe\/wp-json\/wp\/v2\/categories?post=5384"},{"taxonomy":"post_tag","embeddable":true,"href":"https:\/\/www.ilbstory.com\/blog-photographe\/wp-json\/wp\/v2\/tags?post=5384"}],"curies":[{"name":"wp","href":"https:\/\/api.w.org\/{rel}","templated":true}]}}