{"id":2540,"date":"2021-12-08T20:26:45","date_gmt":"2021-12-08T19:26:45","guid":{"rendered":"http:\/\/www.ilbstory.com\/blog-photographe\/?p=2540"},"modified":"2024-03-10T15:33:21","modified_gmt":"2024-03-10T14:33:21","slug":"seance-photo-a-la-neige","status":"publish","type":"post","link":"https:\/\/www.ilbstory.com\/blog-photographe\/seance-photo-a-la-neige\/","title":{"rendered":"S\u00e9ance photo hivernale : Photographe mariage \u00e0 Bonneval-sur-Arc"},"content":{"rendered":"<div class=\"wpb-content-wrapper\"><p>[vc_row][vc_column width=\u00a0\u00bb1\/1&Prime;][vc_custom_heading heading_semantic=\u00a0\u00bbh1&Prime; text_font=\u00a0\u00bbfont-169825&Prime; text_size=\u00a0\u00bbh1&Prime; uncode_shortcode_id=\u00a0\u00bb181978&Prime;]<\/p>\n<h1>S\u00e9ance photo hivernale : Photographe mariage \u00e0 Bonneval-sur-Arc<\/h1>\n<p>[\/vc_custom_heading][vc_column_text]<\/p>\n<h2>S\u00e9ance photo \u00e0 la neige apr\u00e8s leur mariage \u00e0 Bonneval-sur-Arc<\/h2>\n<p>Au c\u0153ur des Alpes fran\u00e7aises, le village de Bonneval-sur-Arc, connu pour ses paysages enneig\u00e9s f\u00e9eriques, s&rsquo;est r\u00e9v\u00e9l\u00e9 \u00eatre le cadre id\u00e9al pour une s\u00e9ance photo hivernale unique. En tant que photographe de mariage \u00e0 Bonneval-sur-Arc et \u00e0 Lyon, je vous invite \u00e0 d\u00e9couvrir une journ\u00e9e exceptionnelle, o\u00f9 l&rsquo;amour et la complicit\u00e9 se m\u00ealent \u00e0 la magie de l&rsquo;hiver.<\/p>\n<p style=\"text-align: center;\"><img decoding=\"async\" src=\"http:\/\/www.ilbstory.com\/blog-photographe\/wp-content\/uploads\/seance-neige\/seance-photo-neige-001.jpg\" alt=\"\" \/><br \/>\n<img decoding=\"async\" src=\"http:\/\/www.ilbstory.com\/blog-photographe\/wp-content\/uploads\/seance-neige\/seance-photo-neige-002.jpg\" alt=\"\" \/><br \/>\n<img decoding=\"async\" src=\"http:\/\/www.ilbstory.com\/blog-photographe\/wp-content\/uploads\/seance-neige\/seance-photo-neige-003.jpg\" alt=\"\" \/><br \/>\n<img decoding=\"async\" src=\"http:\/\/www.ilbstory.com\/blog-photographe\/wp-content\/uploads\/seance-neige\/seance-photo-neige-004.jpg\" alt=\"\" \/><br \/>\n<img decoding=\"async\" src=\"http:\/\/www.ilbstory.com\/blog-photographe\/wp-content\/uploads\/seance-neige\/seance-photo-neige-005.jpg\" alt=\"\" \/><br \/>\n<img decoding=\"async\" src=\"http:\/\/www.ilbstory.com\/blog-photographe\/wp-content\/uploads\/seance-neige\/seance-photo-neige-006.jpg\" alt=\"\" \/><br \/>\n<img decoding=\"async\" src=\"http:\/\/www.ilbstory.com\/blog-photographe\/wp-content\/uploads\/seance-neige\/seance-photo-neige-007.jpg\" alt=\"\" \/><\/p>\n<h2>Le Choix de Bonneval-sur-Arc<\/h2>\n<p>Choisir Bonneval-sur-Arc pour sa s\u00e9ance photo de mariage hivernale n&rsquo;est pas anodin. Ce village, avec ses d\u00e9cors pittoresques, offre un fond parfait pour immortaliser l&rsquo;amour. J&rsquo;ai eu le privil\u00e8ge d&rsquo;accompagner un couple, dont j&rsquo;avais d\u00e9j\u00e0 captur\u00e9 le mariage en 2014, dans cette aventure, soulignant leur passion pour la montagne et leur d\u00e9sir de saisir leur amour dans un cadre hivernal enchanteur en pensant \u00e0 leur photographe de mariage pour l\u2019occasion.<\/p>\n<p style=\"text-align: center;\"><img decoding=\"async\" src=\"http:\/\/www.ilbstory.com\/blog-photographe\/wp-content\/uploads\/seance-neige\/seance-photo-neige-008.jpg\" alt=\"\" \/><br \/>\n<img decoding=\"async\" src=\"http:\/\/www.ilbstory.com\/blog-photographe\/wp-content\/uploads\/seance-neige\/seance-photo-neige-009.jpg\" alt=\"\" \/><br \/>\n<img decoding=\"async\" src=\"http:\/\/www.ilbstory.com\/blog-photographe\/wp-content\/uploads\/seance-neige\/seance-photo-neige-010.jpg\" alt=\"\" \/><br \/>\n<img decoding=\"async\" src=\"http:\/\/www.ilbstory.com\/blog-photographe\/wp-content\/uploads\/seance-neige\/seance-photo-neige-011.jpg\" alt=\"\" \/><br \/>\n<img decoding=\"async\" src=\"http:\/\/www.ilbstory.com\/blog-photographe\/wp-content\/uploads\/seance-neige\/seance-photo-neige-012.jpg\" alt=\"\" \/><br \/>\n<img decoding=\"async\" src=\"http:\/\/www.ilbstory.com\/blog-photographe\/wp-content\/uploads\/seance-neige\/seance-photo-neige-013.jpg\" alt=\"\" \/><br \/>\n<img decoding=\"async\" src=\"http:\/\/www.ilbstory.com\/blog-photographe\/wp-content\/uploads\/seance-neige\/seance-photo-neige-014.jpg\" alt=\"\" \/><br \/>\n<img decoding=\"async\" src=\"http:\/\/www.ilbstory.com\/blog-photographe\/wp-content\/uploads\/seance-neige\/seance-photo-neige-015.jpg\" alt=\"\" \/><br \/>\n<img decoding=\"async\" src=\"http:\/\/www.ilbstory.com\/blog-photographe\/wp-content\/uploads\/seance-neige\/seance-photo-neige-016.jpg\" alt=\"\" \/><\/p>\n<h2>Moments de complicit\u00e9 et de joie \u00e0 Bonneval-sur-Arc<\/h2>\n<p>La journ\u00e9e fut un m\u00e9lange de joie et de complicit\u00e9, illustrant parfaitement pourquoi je suis passionn\u00e9 par mon m\u00e9tier de photographe de mariage \u00e0 Bonneval-sur-Arc et dans les environs. Entre batailles de neige et descentes en luge, chaque instant refl\u00e9tait l&rsquo;amour et la joie de vivre du couple<\/p>\n<p style=\"text-align: center;\"><img decoding=\"async\" src=\"http:\/\/www.ilbstory.com\/blog-photographe\/wp-content\/uploads\/seance-neige\/seance-photo-neige-017.jpg\" alt=\"\" \/><br \/>\n<img decoding=\"async\" src=\"http:\/\/www.ilbstory.com\/blog-photographe\/wp-content\/uploads\/seance-neige\/seance-photo-neige-018.jpg\" alt=\"\" \/><br \/>\n<img decoding=\"async\" src=\"http:\/\/www.ilbstory.com\/blog-photographe\/wp-content\/uploads\/seance-neige\/seance-photo-neige-019.jpg\" alt=\"\" \/><br \/>\n<img decoding=\"async\" src=\"http:\/\/www.ilbstory.com\/blog-photographe\/wp-content\/uploads\/seance-neige\/seance-photo-neige-020.jpg\" alt=\"\" \/><br \/>\n<img decoding=\"async\" src=\"http:\/\/www.ilbstory.com\/blog-photographe\/wp-content\/uploads\/seance-neige\/seance-photo-neige-021.jpg\" alt=\"\" \/><br \/>\n<img decoding=\"async\" src=\"http:\/\/www.ilbstory.com\/blog-photographe\/wp-content\/uploads\/seance-neige\/seance-photo-neige-022.jpg\" alt=\"\" \/><br \/>\n<img decoding=\"async\" src=\"http:\/\/www.ilbstory.com\/blog-photographe\/wp-content\/uploads\/seance-neige\/seance-photo-neige-023.jpg\" alt=\"\" \/><br \/>\n<img decoding=\"async\" src=\"http:\/\/www.ilbstory.com\/blog-photographe\/wp-content\/uploads\/seance-neige\/seance-photo-neige-024.jpg\" alt=\"\" \/><br \/>\n<img decoding=\"async\" src=\"http:\/\/www.ilbstory.com\/blog-photographe\/wp-content\/uploads\/seance-neige\/seance-photo-neige-025.jpg\" alt=\"\" \/><br \/>\n<img decoding=\"async\" src=\"http:\/\/www.ilbstory.com\/blog-photographe\/wp-content\/uploads\/seance-neige\/seance-photo-neige-026.jpg\" alt=\"\" \/><br \/>\n<img decoding=\"async\" src=\"http:\/\/www.ilbstory.com\/blog-photographe\/wp-content\/uploads\/seance-neige\/seance-photo-neige-027.jpg\" alt=\"\" \/><\/p>\n<h2>Des instants de tendresse au c\u0153ur de l&rsquo;hiver<\/h2>\n<p>La s\u00e9ance a \u00e9galement \u00e9t\u00e9 marqu\u00e9e par des moments de tendresse, capturant la connexion profonde entre les deux amoureux. Ces instants intimes, o\u00f9 le temps semble s&rsquo;arr\u00eater, ont \u00e9t\u00e9 immortalis\u00e9s, t\u00e9moignant de l&rsquo;union unique du couple.<\/p>\n<h2>Un accueil chaleureux pour conclure la journ\u00e9e<\/h2>\n<p>La journ\u00e9e s&rsquo;est achev\u00e9e par un moment de partage chez les parents du couple, rappelant que derri\u00e8re chaque photo, il y a une histoire humaine riche et profonde. Ce fut un rappel de l&rsquo;importance des liens familiaux et de l&rsquo;amour.<\/p>\n<p style=\"text-align: center;\"><img decoding=\"async\" src=\"http:\/\/www.ilbstory.com\/blog-photographe\/wp-content\/uploads\/seance-neige\/seance-photo-neige-028.jpg\" alt=\"\" \/><br \/>\n<img decoding=\"async\" src=\"http:\/\/www.ilbstory.com\/blog-photographe\/wp-content\/uploads\/seance-neige\/seance-photo-neige-029.jpg\" alt=\"\" \/><br \/>\n<img decoding=\"async\" src=\"http:\/\/www.ilbstory.com\/blog-photographe\/wp-content\/uploads\/seance-neige\/seance-photo-neige-030.jpg\" alt=\"\" \/><br \/>\n<img decoding=\"async\" src=\"http:\/\/www.ilbstory.com\/blog-photographe\/wp-content\/uploads\/seance-neige\/seance-photo-neige-031.jpg\" alt=\"\" \/><br \/>\n<img decoding=\"async\" src=\"http:\/\/www.ilbstory.com\/blog-photographe\/wp-content\/uploads\/seance-neige\/seance-photo-neige-032.jpg\" alt=\"\" \/><br \/>\n<img decoding=\"async\" src=\"http:\/\/www.ilbstory.com\/blog-photographe\/wp-content\/uploads\/seance-neige\/seance-photo-neige-033.jpg\" alt=\"\" \/><br \/>\n<img decoding=\"async\" src=\"http:\/\/www.ilbstory.com\/blog-photographe\/wp-content\/uploads\/seance-neige\/seance-photo-neige-034.jpg\" alt=\"\" \/><br \/>\n<img decoding=\"async\" src=\"http:\/\/www.ilbstory.com\/blog-photographe\/wp-content\/uploads\/seance-neige\/seance-photo-neige-035.jpg\" alt=\"\" \/><br \/>\n<img decoding=\"async\" src=\"http:\/\/www.ilbstory.com\/blog-photographe\/wp-content\/uploads\/seance-neige\/seance-photo-neige-036.jpg\" alt=\"\" \/><br \/>\n<img decoding=\"async\" src=\"http:\/\/www.ilbstory.com\/blog-photographe\/wp-content\/uploads\/seance-neige\/seance-photo-neige-037.jpg\" alt=\"\" \/><br \/>\n<img decoding=\"async\" src=\"http:\/\/www.ilbstory.com\/blog-photographe\/wp-content\/uploads\/seance-neige\/seance-photo-neige-038.jpg\" alt=\"\" \/><br \/>\n<img decoding=\"async\" src=\"http:\/\/www.ilbstory.com\/blog-photographe\/wp-content\/uploads\/seance-neige\/seance-photo-neige-039.jpg\" alt=\"\" \/><br \/>\n<img decoding=\"async\" src=\"http:\/\/www.ilbstory.com\/blog-photographe\/wp-content\/uploads\/seance-neige\/seance-photo-neige-040.png\" alt=\"\" \/><br \/>\n<img decoding=\"async\" src=\"http:\/\/www.ilbstory.com\/blog-photographe\/wp-content\/uploads\/seance-neige\/seance-photo-neige-041.jpg\" alt=\"\" \/><br \/>\n<img decoding=\"async\" src=\"http:\/\/www.ilbstory.com\/blog-photographe\/wp-content\/uploads\/seance-neige\/seance-photo-neige-042.jpg\" alt=\"\" \/><br \/>\n<img decoding=\"async\" src=\"http:\/\/www.ilbstory.com\/blog-photographe\/wp-content\/uploads\/seance-neige\/seance-photo-neige-043.jpg\" alt=\"\" \/><br \/>\n<img decoding=\"async\" src=\"http:\/\/www.ilbstory.com\/blog-photographe\/wp-content\/uploads\/seance-neige\/seance-photo-neige-044.jpg\" alt=\"\" \/><br \/>\n<img decoding=\"async\" src=\"http:\/\/www.ilbstory.com\/blog-photographe\/wp-content\/uploads\/seance-neige\/seance-photo-neige-045.jpg\" alt=\"\" \/><\/p>\n<h2>L&rsquo;\u00c9quipement du photographe : Un d\u00e9fi inattendu<\/h2>\n<p>Face aux d\u00e9fis de la neige et du froid, mon \u00e9quipement et ma passion pour la photographie ont \u00e9t\u00e9 mis \u00e0 l&rsquo;\u00e9preuve. Cela a renforc\u00e9 ma conviction que l&rsquo;adaptabilit\u00e9 et la passion sont essentielles pour capturer la magie de chaque moment.<\/p>\n<p style=\"text-align: center;\"><img decoding=\"async\" src=\"http:\/\/www.ilbstory.com\/blog-photographe\/wp-content\/uploads\/seance-neige\/seance-photo-neige-046.jpg\" alt=\"\" \/><br \/>\n<img decoding=\"async\" src=\"http:\/\/www.ilbstory.com\/blog-photographe\/wp-content\/uploads\/seance-neige\/seance-photo-neige-047.jpg\" alt=\"\" \/><br \/>\n<img decoding=\"async\" src=\"http:\/\/www.ilbstory.com\/blog-photographe\/wp-content\/uploads\/seance-neige\/seance-photo-neige-048.jpg\" alt=\"\" \/><br \/>\n<img decoding=\"async\" src=\"http:\/\/www.ilbstory.com\/blog-photographe\/wp-content\/uploads\/seance-neige\/seance-photo-neige-049.jpg\" alt=\"\" \/><br \/>\n<img decoding=\"async\" src=\"http:\/\/www.ilbstory.com\/blog-photographe\/wp-content\/uploads\/seance-neige\/seance-photo-neige-050.jpg\" alt=\"\" \/><br \/>\n<img decoding=\"async\" src=\"http:\/\/www.ilbstory.com\/blog-photographe\/wp-content\/uploads\/seance-neige\/seance-photo-neige-051.jpg\" alt=\"\" \/><\/p>\n<h2>La lumi\u00e8re hivernale : Un atout pour un photographe de mariage<\/h2>\n<p>La lumi\u00e8re unique de l&rsquo;hiver \u00e0 Bonneval-sur-Arc a permis de cr\u00e9er des images m\u00e9morables, jouant avec les ombres et la lumi\u00e8re pour enrichir chaque clich\u00e9 d&rsquo;une dimension po\u00e9tique.<\/p>\n<h2>La post-production des photos de couple : R\u00e9v\u00e9ler la beaut\u00e9 de Bonneval-sur-Arc<\/h2>\n<p>Le travail de post-production est crucial pour accentuer la magie des moments captur\u00e9s, ajustant la luminosit\u00e9 et le contraste pour que chaque photo refl\u00e8te fid\u00e8lement l&rsquo;atmosph\u00e8re unique de cette journ\u00e9e.<\/p>\n<p style=\"text-align: center;\"><img decoding=\"async\" src=\"http:\/\/www.ilbstory.com\/blog-photographe\/wp-content\/uploads\/seance-neige\/seance-photo-neige-052.jpg\" alt=\"\" \/><br \/>\n<img decoding=\"async\" src=\"http:\/\/www.ilbstory.com\/blog-photographe\/wp-content\/uploads\/seance-neige\/seance-photo-neige-053.jpg\" alt=\"\" \/><br \/>\n<img decoding=\"async\" src=\"http:\/\/www.ilbstory.com\/blog-photographe\/wp-content\/uploads\/seance-neige\/seance-photo-neige-054.jpg\" alt=\"\" \/><br \/>\n<img decoding=\"async\" src=\"http:\/\/www.ilbstory.com\/blog-photographe\/wp-content\/uploads\/seance-neige\/seance-photo-neige-055.jpg\" alt=\"\" \/><br \/>\n<img decoding=\"async\" src=\"http:\/\/www.ilbstory.com\/blog-photographe\/wp-content\/uploads\/seance-neige\/seance-photo-neige-056.jpg\" alt=\"\" \/><br \/>\n<img decoding=\"async\" src=\"http:\/\/www.ilbstory.com\/blog-photographe\/wp-content\/uploads\/seance-neige\/seance-photo-neige-057.jpg\" alt=\"\" \/><br \/>\n<img decoding=\"async\" src=\"http:\/\/www.ilbstory.com\/blog-photographe\/wp-content\/uploads\/seance-neige\/seance-photo-neige-058.jpg\" alt=\"\" \/><br \/>\n<img decoding=\"async\" src=\"http:\/\/www.ilbstory.com\/blog-photographe\/wp-content\/uploads\/seance-neige\/seance-photo-neige-059.jpg\" alt=\"\" \/><br \/>\n<img decoding=\"async\" src=\"http:\/\/www.ilbstory.com\/blog-photographe\/wp-content\/uploads\/seance-neige\/seance-photo-neige-060.jpg\" alt=\"\" \/><br \/>\n<img decoding=\"async\" src=\"http:\/\/www.ilbstory.com\/blog-photographe\/wp-content\/uploads\/seance-neige\/seance-photo-neige-061.jpg\" alt=\"\" \/><\/p>\n<h2>Plus qu&rsquo;une s\u00e9ance photo : Photographe de mariage Bonneval-sur-Arc<\/h2>\n<p>Cette s\u00e9ance photo \u00e0 Bonneval-sur-Arc est le t\u00e9moignage d&rsquo;une aventure humaine et \u00e9motionnelle, o\u00f9 chaque clich\u00e9 raconte une histoire d&rsquo;amour, de joie, et de partage. En tant que photographe de mariage \u00e0 Lyon, Annecy, et Bonneval-sur-Arc, j&rsquo;ai eu le privil\u00e8ge de capturer ces moments, transformant des instants \u00e9ph\u00e9m\u00e8res en souvenirs \u00e9ternels.<\/p>\n<p>Pour ceux qui envisagent une s\u00e9ance photo unique, que ce soit dans la neige ou ailleurs, je suis l\u00e0 pour capturer chaque moment, chaque \u00e9motion. Visitez mon portfolio sur mon site web pour d\u00e9couvrir plus de r\u00e9cits captur\u00e9s et commencer \u00e0 planifier le v\u00f4tre.[\/vc_column_text][\/vc_column][\/vc_row][vc_row][vc_column width=\u00a0\u00bb1\/1&Prime;][uncode_index loop=\u00a0\u00bbsize:4|order_by:date|post_type:post|by_id:1113,2729,3187,1547|taxonomy_count:10&Prime; screen_lg=\u00a0\u00bb1000&Prime; screen_md=\u00a0\u00bb600&Prime; screen_sm=\u00a0\u00bb480&Prime; gutter_size=\u00a0\u00bb3&Prime; post_items=\u00a0\u00bbmedia|featured|onpost|original,title,sep-one|full\u00a0\u00bb single_width=\u00a0\u00bb3&Prime; single_overlay_opacity=\u00a0\u00bb50&Prime; single_padding=\u00a0\u00bb2&Prime; uncode_shortcode_id=\u00a0\u00bb111162&Prime;][\/vc_column][\/vc_row]<\/p>\n<\/div>","protected":false},"excerpt":{"rendered":"<p>[vc_row][vc_column width=\u00a0\u00bb1\/1&Prime;][vc_custom_heading heading_semantic=\u00a0\u00bbh1&Prime; text_font=\u00a0\u00bbfont-169825&Prime; text_size=\u00a0\u00bbh1&Prime; uncode_shortcode_id=\u00a0\u00bb181978&Prime;] S\u00e9ance photo hivernale : Photographe mariage \u00e0 Bonneval-sur-Arc [\/vc_custom_heading][vc_column_text] S\u00e9ance photo \u00e0 la neige [&hellip;]<\/p>\n","protected":false},"author":1,"featured_media":2478,"comment_status":"open","ping_status":"open","sticky":false,"template":"","format":"standard","meta":{"footnotes":""},"categories":[29],"tags":[],"class_list":["post-2540","post","type-post","status-publish","format-standard","has-post-thumbnail","hentry","category-tout"],"psp_head":"<title>S\u00e9ance photo \u00e0 la neige - Photographe lyon \u2013 Photographe mariage lyon - Blog ILB Story<\/title>\r\n<meta name=\"description\" content=\"Une s\u00e9ance photo \u00e0 la neige avec Anne-Lise et Pierre-Maxence, un couple dont j&#039;avais fait le reportage de mariage et qui ont souhait\u00e9 une s\u00e9ance de couple, Photographe lyon\" \/>\r\n<meta name=\"robots\" content=\"index,follow\" \/>\r\n<link rel=\"canonical\" href=\"https:\/\/www.ilbstory.com\/blog-photographe\/seance-photo-a-la-neige\/\" \/>\r\n","_links":{"self":[{"href":"https:\/\/www.ilbstory.com\/blog-photographe\/wp-json\/wp\/v2\/posts\/2540","targetHints":{"allow":["GET"]}}],"collection":[{"href":"https:\/\/www.ilbstory.com\/blog-photographe\/wp-json\/wp\/v2\/posts"}],"about":[{"href":"https:\/\/www.ilbstory.com\/blog-photographe\/wp-json\/wp\/v2\/types\/post"}],"author":[{"embeddable":true,"href":"https:\/\/www.ilbstory.com\/blog-photographe\/wp-json\/wp\/v2\/users\/1"}],"replies":[{"embeddable":true,"href":"https:\/\/www.ilbstory.com\/blog-photographe\/wp-json\/wp\/v2\/comments?post=2540"}],"version-history":[{"count":20,"href":"https:\/\/www.ilbstory.com\/blog-photographe\/wp-json\/wp\/v2\/posts\/2540\/revisions"}],"predecessor-version":[{"id":83835,"href":"https:\/\/www.ilbstory.com\/blog-photographe\/wp-json\/wp\/v2\/posts\/2540\/revisions\/83835"}],"wp:featuredmedia":[{"embeddable":true,"href":"https:\/\/www.ilbstory.com\/blog-photographe\/wp-json\/wp\/v2\/media\/2478"}],"wp:attachment":[{"href":"https:\/\/www.ilbstory.com\/blog-photographe\/wp-json\/wp\/v2\/media?parent=2540"}],"wp:term":[{"taxonomy":"category","embeddable":true,"href":"https:\/\/www.ilbstory.com\/blog-photographe\/wp-json\/wp\/v2\/categories?post=2540"},{"taxonomy":"post_tag","embeddable":true,"href":"https:\/\/www.ilbstory.com\/blog-photographe\/wp-json\/wp\/v2\/tags?post=2540"}],"curies":[{"name":"wp","href":"https:\/\/api.w.org\/{rel}","templated":true}]}}