{"id":1547,"date":"2021-11-17T15:47:19","date_gmt":"2021-11-17T14:47:19","guid":{"rendered":"http:\/\/www.ilbstory.com\/blog-photographe\/?p=1547"},"modified":"2024-04-28T15:03:56","modified_gmt":"2024-04-28T14:03:56","slug":"chateau-de-barbirey","status":"publish","type":"post","link":"https:\/\/www.ilbstory.com\/blog-photographe\/chateau-de-barbirey\/","title":{"rendered":"Un mariage au Ch\u00e2teau de Barbirey : Un photographe de mariage \u00e0 Dijon en Bourgogne"},"content":{"rendered":"<div class=\"wpb-content-wrapper\"><p>[vc_row][vc_column column_width_percent=\u00a0\u00bb100&Prime; gutter_size=\u00a0\u00bb3&Prime; overlay_alpha=\u00a0\u00bb50&Prime; shift_x=\u00a0\u00bb0&Prime; shift_y=\u00a0\u00bb0&Prime; shift_y_down=\u00a0\u00bb0&Prime; z_index=\u00a0\u00bb0&Prime; medium_width=\u00a0\u00bb0&Prime; mobile_width=\u00a0\u00bb0&Prime; width=\u00a0\u00bb1\/1&Prime; uncode_shortcode_id=\u00a0\u00bb994666&Prime;][vc_custom_heading heading_semantic=\u00a0\u00bbh1&Prime; text_font=\u00a0\u00bbfont-169825&Prime; text_size=\u00a0\u00bbh1&Prime; uncode_shortcode_id=\u00a0\u00bb126293&Prime;]<\/p>\n<h1>Un mariage au Ch\u00e2teau de Barbirey : Un photographe de mariage \u00e0 Dijon en Bourgogne<\/h1>\n<p>[\/vc_custom_heading][vc_column_text uncode_shortcode_id=\u00a0\u00bb170619&Prime;]<\/p>\n<h2 style=\"text-align: left;\"><span style=\"font-size: 14pt;\">Photographe de mariage \u00e0 Dijon en Bourgogne au Ch\u00e2teau de Barbirey<\/span><\/h2>\n<p>Un mariage en Bourgogne au Ch\u00e2teau de Barbirey, avec ses paysages atypiques et ses ch\u00e2teaux historiques, offre un cadre parfait pour c\u00e9l\u00e9brer l&rsquo;union de deux c\u0153urs. Le Ch\u00e2teau de Barbirey, situ\u00e9 non loin de Dijon, est un joyau de cette r\u00e9gion, offrant un d\u00e9cor somptueux pour des mariages m\u00e9morables. En tant que<a href=\"https:\/\/www.ilbstory.com\/photographe-mariage-dijon.html\" target=\"_blank\" rel=\"noopener\"> photographe de mariage \u00e0 Dijon<\/a> en Bourgogne, capturer la beaut\u00e9 d&rsquo;un tel \u00e9v\u00e9nement est \u00e0 la fois un privil\u00e8ge et une aventure.[\/vc_column_text][vc_column_text uncode_shortcode_id=\u00a0\u00bb143429&Prime;]<\/p>\n<p style=\"text-align: center;\"><img decoding=\"async\" src=\"http:\/\/www.ilbstory.com\/blog-photographe\/wp-content\/uploads\/Tamara-et-Stefan\/Chateau-de-barbirey-001.webp\" \/><br \/>\n<img decoding=\"async\" src=\"http:\/\/www.ilbstory.com\/blog-photographe\/wp-content\/uploads\/Tamara-et-Stefan\/Chateau-de-barbirey-002.webp\" \/><br \/>\n<img decoding=\"async\" src=\"http:\/\/www.ilbstory.com\/blog-photographe\/wp-content\/uploads\/Tamara-et-Stefan\/Chateau-de-barbirey-003.webp\" \/><br \/>\n<img decoding=\"async\" src=\"http:\/\/www.ilbstory.com\/blog-photographe\/wp-content\/uploads\/Tamara-et-Stefan\/Chateau-de-barbirey-004.webp\" \/><br \/>\n<img decoding=\"async\" src=\"http:\/\/www.ilbstory.com\/blog-photographe\/wp-content\/uploads\/Tamara-et-Stefan\/Chateau-de-barbirey-005.webp\" \/><br \/>\n<img decoding=\"async\" src=\"http:\/\/www.ilbstory.com\/blog-photographe\/wp-content\/uploads\/Tamara-et-Stefan\/Chateau-de-barbirey-006.webp\" \/><br \/>\n<img decoding=\"async\" src=\"http:\/\/www.ilbstory.com\/blog-photographe\/wp-content\/uploads\/Tamara-et-Stefan\/Chateau-de-barbirey-007.webp\" \/><br \/>\n<img decoding=\"async\" src=\"http:\/\/www.ilbstory.com\/blog-photographe\/wp-content\/uploads\/Tamara-et-Stefan\/Chateau-de-barbirey-008.webp\" \/><br \/>\n<img decoding=\"async\" src=\"http:\/\/www.ilbstory.com\/blog-photographe\/wp-content\/uploads\/Tamara-et-Stefan\/Chateau-de-barbirey-009.webp\" \/><br \/>\n<img decoding=\"async\" src=\"http:\/\/www.ilbstory.com\/blog-photographe\/wp-content\/uploads\/Tamara-et-Stefan\/Chateau-de-barbirey-010.webp\" \/><br \/>\n<img decoding=\"async\" src=\"http:\/\/www.ilbstory.com\/blog-photographe\/wp-content\/uploads\/Tamara-et-Stefan\/Chateau-de-barbirey-011.webp\" \/><br \/>\n<img decoding=\"async\" src=\"http:\/\/www.ilbstory.com\/blog-photographe\/wp-content\/uploads\/Tamara-et-Stefan\/Chateau-de-barbirey-012.webp\" \/><br \/>\n<img decoding=\"async\" src=\"http:\/\/www.ilbstory.com\/blog-photographe\/wp-content\/uploads\/Tamara-et-Stefan\/Chateau-de-barbirey-013.webp\" \/><br \/>\n<img decoding=\"async\" src=\"http:\/\/www.ilbstory.com\/blog-photographe\/wp-content\/uploads\/Tamara-et-Stefan\/Chateau-de-barbirey-014.webp\" \/><br \/>\n<img decoding=\"async\" src=\"http:\/\/www.ilbstory.com\/blog-photographe\/wp-content\/uploads\/Tamara-et-Stefan\/Chateau-de-barbirey-015.webp\" \/><br \/>\n<img decoding=\"async\" src=\"http:\/\/www.ilbstory.com\/blog-photographe\/wp-content\/uploads\/Tamara-et-Stefan\/Chateau-de-barbirey-016.webp\" \/><br \/>\n<img decoding=\"async\" src=\"http:\/\/www.ilbstory.com\/blog-photographe\/wp-content\/uploads\/Tamara-et-Stefan\/Chateau-de-barbirey-017.webp\" \/><br \/>\n<img decoding=\"async\" src=\"http:\/\/www.ilbstory.com\/blog-photographe\/wp-content\/uploads\/Tamara-et-Stefan\/Chateau-de-barbirey-018.webp\" \/><br \/>\n<img decoding=\"async\" src=\"http:\/\/www.ilbstory.com\/blog-photographe\/wp-content\/uploads\/Tamara-et-Stefan\/Chateau-de-barbirey-019.webp\" \/><\/p>\n<h2>Le C\u0153ur du r\u00eave : Choisir le Ch\u00e2teau de Barbirey pour un mariage f\u00e9erique<\/h2>\n<p>Le Ch\u00e2teau de Barbirey, avec ses jardins \u00e0 la fran\u00e7aise et son architecture classique, est plus qu&rsquo;un lieu de r\u00e9ception ; c&rsquo;est une promesse d&rsquo;un mariage f\u00e9erique. Pour Tamara et Stefan, un couple suisse, ce ch\u00e2teau n&rsquo;\u00e9tait pas seulement un choix esth\u00e9tique mais le c\u0153ur de leur r\u00eave devenu r\u00e9alit\u00e9.<\/p>\n<p style=\"text-align: center;\"><img decoding=\"async\" src=\"http:\/\/www.ilbstory.com\/blog-photographe\/wp-content\/uploads\/Tamara-et-Stefan\/Chateau-de-barbirey-020.webp\" \/><br \/>\n<img decoding=\"async\" src=\"http:\/\/www.ilbstory.com\/blog-photographe\/wp-content\/uploads\/Tamara-et-Stefan\/Chateau-de-barbirey-021.webp\" \/><br \/>\n<img decoding=\"async\" src=\"http:\/\/www.ilbstory.com\/blog-photographe\/wp-content\/uploads\/Tamara-et-Stefan\/Chateau-de-barbirey-022.webp\" \/><br \/>\n<img decoding=\"async\" src=\"http:\/\/www.ilbstory.com\/blog-photographe\/wp-content\/uploads\/Tamara-et-Stefan\/Chateau-de-barbirey-023.webp\" \/><br \/>\n<img decoding=\"async\" src=\"http:\/\/www.ilbstory.com\/blog-photographe\/wp-content\/uploads\/Tamara-et-Stefan\/Chateau-de-barbirey-024.webp\" \/><br \/>\n<img decoding=\"async\" src=\"http:\/\/www.ilbstory.com\/blog-photographe\/wp-content\/uploads\/Tamara-et-Stefan\/Chateau-de-barbirey-025.webp\" \/><br \/>\n<img decoding=\"async\" src=\"http:\/\/www.ilbstory.com\/blog-photographe\/wp-content\/uploads\/Tamara-et-Stefan\/Chateau-de-barbirey-026.webp\" \/><br \/>\n<img decoding=\"async\" src=\"http:\/\/www.ilbstory.com\/blog-photographe\/wp-content\/uploads\/Tamara-et-Stefan\/Chateau-de-barbirey-027.webp\" \/><br \/>\n<img decoding=\"async\" src=\"http:\/\/www.ilbstory.com\/blog-photographe\/wp-content\/uploads\/Tamara-et-Stefan\/Chateau-de-barbirey-028.webp\" \/><br \/>\n<img decoding=\"async\" src=\"http:\/\/www.ilbstory.com\/blog-photographe\/wp-content\/uploads\/Tamara-et-Stefan\/Chateau-de-barbirey-029.webp\" \/><br \/>\n<img decoding=\"async\" src=\"http:\/\/www.ilbstory.com\/blog-photographe\/wp-content\/uploads\/Tamara-et-Stefan\/Chateau-de-barbirey-030.webp\" \/><br \/>\n<img decoding=\"async\" src=\"http:\/\/www.ilbstory.com\/blog-photographe\/wp-content\/uploads\/Tamara-et-Stefan\/Chateau-de-barbirey-031.webp\" \/><\/p>\n<h2>Premi\u00e8re rencontre : Une connexion inattendue avec le photographe de mariage<\/h2>\n<p>N&rsquo;ayant jamais rencontr\u00e9 Tamara et Stefan avant leur grand jour, l&rsquo;anticipation \u00e9tait teint\u00e9e d&rsquo;une curiosit\u00e9 professionnelle. Leur accueil chaleureux et la simplicit\u00e9 de leur amour ont rapidement transform\u00e9 cette journ\u00e9e de travail en une exp\u00e9rience humaine profonde pour moi en tant que photographe de mariage.<\/p>\n<p style=\"text-align: center;\"><img decoding=\"async\" src=\"http:\/\/www.ilbstory.com\/blog-photographe\/wp-content\/uploads\/Tamara-et-Stefan\/Chateau-de-barbirey-032.webp\" \/><br \/>\n<img decoding=\"async\" src=\"http:\/\/www.ilbstory.com\/blog-photographe\/wp-content\/uploads\/Tamara-et-Stefan\/Chateau-de-barbirey-033.webp\" \/><br \/>\n<img decoding=\"async\" src=\"http:\/\/www.ilbstory.com\/blog-photographe\/wp-content\/uploads\/Tamara-et-Stefan\/Chateau-de-barbirey-034.webp\" \/><br \/>\n<img decoding=\"async\" src=\"http:\/\/www.ilbstory.com\/blog-photographe\/wp-content\/uploads\/Tamara-et-Stefan\/Chateau-de-barbirey-035.webp\" \/><br \/>\n<img decoding=\"async\" src=\"http:\/\/www.ilbstory.com\/blog-photographe\/wp-content\/uploads\/Tamara-et-Stefan\/Chateau-de-barbirey-036.webp\" \/><br \/>\n<img decoding=\"async\" src=\"http:\/\/www.ilbstory.com\/blog-photographe\/wp-content\/uploads\/Tamara-et-Stefan\/Chateau-de-barbirey-037.webp\" \/><br \/>\n<img decoding=\"async\" src=\"http:\/\/www.ilbstory.com\/blog-photographe\/wp-content\/uploads\/Tamara-et-Stefan\/Chateau-de-barbirey-038.webp\" \/><br \/>\n<img decoding=\"async\" src=\"http:\/\/www.ilbstory.com\/blog-photographe\/wp-content\/uploads\/Tamara-et-Stefan\/Chateau-de-barbirey-039.webp\" \/><br \/>\n<img decoding=\"async\" src=\"http:\/\/www.ilbstory.com\/blog-photographe\/wp-content\/uploads\/Tamara-et-Stefan\/Chateau-de-barbirey-040.webp\" \/><br \/>\n<img decoding=\"async\" src=\"http:\/\/www.ilbstory.com\/blog-photographe\/wp-content\/uploads\/Tamara-et-Stefan\/Chateau-de-barbirey-041.webp\" \/><br \/>\n<img decoding=\"async\" src=\"http:\/\/www.ilbstory.com\/blog-photographe\/wp-content\/uploads\/Tamara-et-Stefan\/Chateau-de-barbirey-042.webp\" \/><br \/>\n<img decoding=\"async\" src=\"http:\/\/www.ilbstory.com\/blog-photographe\/wp-content\/uploads\/Tamara-et-Stefan\/Chateau-de-barbirey-043.webp\" \/><br \/>\n<img decoding=\"async\" src=\"http:\/\/www.ilbstory.com\/blog-photographe\/wp-content\/uploads\/Tamara-et-Stefan\/Chateau-de-barbirey-044.webp\" \/><br \/>\n<img decoding=\"async\" src=\"http:\/\/www.ilbstory.com\/blog-photographe\/wp-content\/uploads\/Tamara-et-Stefan\/Chateau-de-barbirey-045.webp\" \/><br \/>\n<img decoding=\"async\" src=\"http:\/\/www.ilbstory.com\/blog-photographe\/wp-content\/uploads\/Tamara-et-Stefan\/Chateau-de-barbirey-046.webp\" \/><br \/>\n<img decoding=\"async\" src=\"http:\/\/www.ilbstory.com\/blog-photographe\/wp-content\/uploads\/Tamara-et-Stefan\/Chateau-de-barbirey-047.webp\" \/><br \/>\n<img decoding=\"async\" src=\"http:\/\/www.ilbstory.com\/blog-photographe\/wp-content\/uploads\/Tamara-et-Stefan\/Chateau-de-barbirey-048.webp\" \/><br \/>\n<img decoding=\"async\" src=\"http:\/\/www.ilbstory.com\/blog-photographe\/wp-content\/uploads\/Tamara-et-Stefan\/Chateau-de-barbirey-049.webp\" \/><br \/>\n<img decoding=\"async\" src=\"http:\/\/www.ilbstory.com\/blog-photographe\/wp-content\/uploads\/Tamara-et-Stefan\/Chateau-de-barbirey-050.webp\" \/><br \/>\n<img decoding=\"async\" src=\"http:\/\/www.ilbstory.com\/blog-photographe\/wp-content\/uploads\/Tamara-et-Stefan\/Chateau-de-barbirey-051.webp\" \/><br \/>\n<img decoding=\"async\" src=\"http:\/\/www.ilbstory.com\/blog-photographe\/wp-content\/uploads\/Tamara-et-Stefan\/Chateau-de-barbirey-052.webp\" \/><br \/>\n<img decoding=\"async\" src=\"http:\/\/www.ilbstory.com\/blog-photographe\/wp-content\/uploads\/Tamara-et-Stefan\/Chateau-de-barbirey-053.webp\" \/><br \/>\n<img decoding=\"async\" src=\"http:\/\/www.ilbstory.com\/blog-photographe\/wp-content\/uploads\/Tamara-et-Stefan\/Chateau-de-barbirey-054.webp\" \/><br \/>\n<img decoding=\"async\" src=\"http:\/\/www.ilbstory.com\/blog-photographe\/wp-content\/uploads\/Tamara-et-Stefan\/Chateau-de-barbirey-055.webp\" \/><br \/>\n<img decoding=\"async\" src=\"http:\/\/www.ilbstory.com\/blog-photographe\/wp-content\/uploads\/Tamara-et-Stefan\/Chateau-de-barbirey-056.webp\" \/><br \/>\n<img decoding=\"async\" src=\"http:\/\/www.ilbstory.com\/blog-photographe\/wp-content\/uploads\/Tamara-et-Stefan\/Chateau-de-barbirey-057.webp\" \/><br \/>\n<img decoding=\"async\" src=\"http:\/\/www.ilbstory.com\/blog-photographe\/wp-content\/uploads\/Tamara-et-Stefan\/Chateau-de-barbirey-058.webp\" \/><br \/>\n<img decoding=\"async\" src=\"http:\/\/www.ilbstory.com\/blog-photographe\/wp-content\/uploads\/Tamara-et-Stefan\/Chateau-de-barbirey-059.webp\" \/><br \/>\n<img decoding=\"async\" src=\"http:\/\/www.ilbstory.com\/blog-photographe\/wp-content\/uploads\/Tamara-et-Stefan\/Chateau-de-barbirey-060.webp\" \/><br \/>\n<img decoding=\"async\" src=\"http:\/\/www.ilbstory.com\/blog-photographe\/wp-content\/uploads\/Tamara-et-Stefan\/Chateau-de-barbirey-061.webp\" \/><br \/>\n<img decoding=\"async\" src=\"http:\/\/www.ilbstory.com\/blog-photographe\/wp-content\/uploads\/Tamara-et-Stefan\/Chateau-de-barbirey-062.webp\" \/><br \/>\n<img decoding=\"async\" src=\"http:\/\/www.ilbstory.com\/blog-photographe\/wp-content\/uploads\/Tamara-et-Stefan\/Chateau-de-barbirey-063.webp\" \/><br \/>\n<img decoding=\"async\" src=\"http:\/\/www.ilbstory.com\/blog-photographe\/wp-content\/uploads\/Tamara-et-Stefan\/Chateau-de-barbirey-064.webp\" \/><br \/>\n<img decoding=\"async\" src=\"http:\/\/www.ilbstory.com\/blog-photographe\/wp-content\/uploads\/Tamara-et-Stefan\/Chateau-de-barbirey-065.webp\" \/><br \/>\n<img decoding=\"async\" src=\"http:\/\/www.ilbstory.com\/blog-photographe\/wp-content\/uploads\/Tamara-et-Stefan\/Chateau-de-barbirey-066.webp\" \/><br \/>\n<img decoding=\"async\" src=\"http:\/\/www.ilbstory.com\/blog-photographe\/wp-content\/uploads\/Tamara-et-Stefan\/Chateau-de-barbirey-067.webp\" \/><br \/>\n<img decoding=\"async\" src=\"http:\/\/www.ilbstory.com\/blog-photographe\/wp-content\/uploads\/Tamara-et-Stefan\/Chateau-de-barbirey-068.webp\" \/><br \/>\n<img decoding=\"async\" src=\"http:\/\/www.ilbstory.com\/blog-photographe\/wp-content\/uploads\/Tamara-et-Stefan\/Chateau-de-barbirey-069.webp\" \/><br \/>\n<img decoding=\"async\" src=\"http:\/\/www.ilbstory.com\/blog-photographe\/wp-content\/uploads\/Tamara-et-Stefan\/Chateau-de-barbirey-070.webp\" \/><br \/>\n<img decoding=\"async\" src=\"http:\/\/www.ilbstory.com\/blog-photographe\/wp-content\/uploads\/Tamara-et-Stefan\/Chateau-de-barbirey-071.webp\" \/><br \/>\n<img decoding=\"async\" src=\"http:\/\/www.ilbstory.com\/blog-photographe\/wp-content\/uploads\/Tamara-et-Stefan\/Chateau-de-barbirey-072.webp\" \/><br \/>\n<img decoding=\"async\" src=\"http:\/\/www.ilbstory.com\/blog-photographe\/wp-content\/uploads\/Tamara-et-Stefan\/Chateau-de-barbirey-073.webp\" \/><br \/>\n<img decoding=\"async\" src=\"http:\/\/www.ilbstory.com\/blog-photographe\/wp-content\/uploads\/Tamara-et-Stefan\/Chateau-de-barbirey-074.webp\" \/><br \/>\n<img decoding=\"async\" src=\"http:\/\/www.ilbstory.com\/blog-photographe\/wp-content\/uploads\/Tamara-et-Stefan\/Chateau-de-barbirey-075.webp\" \/><br \/>\n<img decoding=\"async\" src=\"http:\/\/www.ilbstory.com\/blog-photographe\/wp-content\/uploads\/Tamara-et-Stefan\/Chateau-de-barbirey-076.webp\" \/><br \/>\n<img decoding=\"async\" src=\"http:\/\/www.ilbstory.com\/blog-photographe\/wp-content\/uploads\/Tamara-et-Stefan\/Chateau-de-barbirey-077.webp\" \/><br \/>\n<img decoding=\"async\" src=\"http:\/\/www.ilbstory.com\/blog-photographe\/wp-content\/uploads\/Tamara-et-Stefan\/Chateau-de-barbirey-078.webp\" \/><br \/>\n<img decoding=\"async\" src=\"http:\/\/www.ilbstory.com\/blog-photographe\/wp-content\/uploads\/Tamara-et-Stefan\/Chateau-de-barbirey-079.webp\" \/><br \/>\n<img decoding=\"async\" src=\"http:\/\/www.ilbstory.com\/blog-photographe\/wp-content\/uploads\/Tamara-et-Stefan\/Chateau-de-barbirey-080.webp\" \/><\/p>\n<h2>Capturer l&rsquo;\u00e9motion : Photographie de mariage au Ch\u00e2teau de Barbirey<\/h2>\n<p>La photographie de mariage au Ch\u00e2teau de Barbirey est un d\u00e9fi artistique. Chaque coin du ch\u00e2teau offre un cadre unique, des jardins luxuriants aux salles historiques. La lumi\u00e8re naturelle, filtrant \u00e0 travers les feuilles, cr\u00e9e des moments magiques, captur\u00e9s \u00e0 jamais \u00e0 travers mon objectif.<\/p>\n<p style=\"text-align: center;\"><img decoding=\"async\" src=\"http:\/\/www.ilbstory.com\/blog-photographe\/wp-content\/uploads\/Tamara-et-Stefan\/Chateau-de-barbirey-081.webp\" \/><br \/>\n<img decoding=\"async\" src=\"http:\/\/www.ilbstory.com\/blog-photographe\/wp-content\/uploads\/Tamara-et-Stefan\/Chateau-de-barbirey-082.webp\" \/><br \/>\n<img decoding=\"async\" src=\"http:\/\/www.ilbstory.com\/blog-photographe\/wp-content\/uploads\/Tamara-et-Stefan\/Chateau-de-barbirey-083.webp\" \/><br \/>\n<img decoding=\"async\" src=\"http:\/\/www.ilbstory.com\/blog-photographe\/wp-content\/uploads\/Tamara-et-Stefan\/Chateau-de-barbirey-084.webp\" \/><br \/>\n<img decoding=\"async\" src=\"http:\/\/www.ilbstory.com\/blog-photographe\/wp-content\/uploads\/Tamara-et-Stefan\/Chateau-de-barbirey-085.webp\" \/><br \/>\n<img decoding=\"async\" src=\"http:\/\/www.ilbstory.com\/blog-photographe\/wp-content\/uploads\/Tamara-et-Stefan\/Chateau-de-barbirey-086.webp\" \/><br \/>\n<img decoding=\"async\" src=\"http:\/\/www.ilbstory.com\/blog-photographe\/wp-content\/uploads\/Tamara-et-Stefan\/Chateau-de-barbirey-087.webp\" \/><br \/>\n<img decoding=\"async\" src=\"http:\/\/www.ilbstory.com\/blog-photographe\/wp-content\/uploads\/Tamara-et-Stefan\/Chateau-de-barbirey-088.webp\" \/><br \/>\n<img decoding=\"async\" src=\"http:\/\/www.ilbstory.com\/blog-photographe\/wp-content\/uploads\/Tamara-et-Stefan\/Chateau-de-barbirey-089.webp\" \/><br \/>\n<img decoding=\"async\" src=\"http:\/\/www.ilbstory.com\/blog-photographe\/wp-content\/uploads\/Tamara-et-Stefan\/Chateau-de-barbirey-090.webp\" \/><br \/>\n<img decoding=\"async\" src=\"http:\/\/www.ilbstory.com\/blog-photographe\/wp-content\/uploads\/Tamara-et-Stefan\/Chateau-de-barbirey-091.webp\" \/><br \/>\n<img decoding=\"async\" src=\"http:\/\/www.ilbstory.com\/blog-photographe\/wp-content\/uploads\/Tamara-et-Stefan\/Chateau-de-barbirey-092.webp\" \/><br \/>\n<img decoding=\"async\" src=\"http:\/\/www.ilbstory.com\/blog-photographe\/wp-content\/uploads\/Tamara-et-Stefan\/Chateau-de-barbirey-093.webp\" \/><br \/>\n<img decoding=\"async\" src=\"http:\/\/www.ilbstory.com\/blog-photographe\/wp-content\/uploads\/Tamara-et-Stefan\/Chateau-de-barbirey-094.webp\" \/><br \/>\n<img decoding=\"async\" src=\"http:\/\/www.ilbstory.com\/blog-photographe\/wp-content\/uploads\/Tamara-et-Stefan\/Chateau-de-barbirey-095.webp\" \/><br \/>\n<img decoding=\"async\" src=\"http:\/\/www.ilbstory.com\/blog-photographe\/wp-content\/uploads\/Tamara-et-Stefan\/Chateau-de-barbirey-096.webp\" \/><br \/>\n<img decoding=\"async\" src=\"http:\/\/www.ilbstory.com\/blog-photographe\/wp-content\/uploads\/Tamara-et-Stefan\/Chateau-de-barbirey-097.webp\" \/><br \/>\n<img decoding=\"async\" src=\"http:\/\/www.ilbstory.com\/blog-photographe\/wp-content\/uploads\/Tamara-et-Stefan\/Chateau-de-barbirey-098.webp\" \/><br \/>\n<img decoding=\"async\" src=\"http:\/\/www.ilbstory.com\/blog-photographe\/wp-content\/uploads\/Tamara-et-Stefan\/Chateau-de-barbirey-099.webp\" \/><br \/>\n<img decoding=\"async\" src=\"http:\/\/www.ilbstory.com\/blog-photographe\/wp-content\/uploads\/Tamara-et-Stefan\/Chateau-de-barbirey-101.webp\" \/><br \/>\n<img decoding=\"async\" src=\"http:\/\/www.ilbstory.com\/blog-photographe\/wp-content\/uploads\/Tamara-et-Stefan\/Chateau-de-barbirey-102.webp\" \/><br \/>\n<img decoding=\"async\" src=\"http:\/\/www.ilbstory.com\/blog-photographe\/wp-content\/uploads\/Tamara-et-Stefan\/Chateau-de-barbirey-103.webp\" \/><br \/>\n<img decoding=\"async\" src=\"http:\/\/www.ilbstory.com\/blog-photographe\/wp-content\/uploads\/Tamara-et-Stefan\/Chateau-de-barbirey-104.webp\" \/><br \/>\n<img decoding=\"async\" src=\"http:\/\/www.ilbstory.com\/blog-photographe\/wp-content\/uploads\/Tamara-et-Stefan\/Chateau-de-barbirey-105.webp\" \/><br \/>\n<img decoding=\"async\" src=\"http:\/\/www.ilbstory.com\/blog-photographe\/wp-content\/uploads\/Tamara-et-Stefan\/Chateau-de-barbirey-106.webp\" \/><br \/>\n<img decoding=\"async\" src=\"http:\/\/www.ilbstory.com\/blog-photographe\/wp-content\/uploads\/Tamara-et-Stefan\/Chateau-de-barbirey-107.webp\" \/><br \/>\n<img decoding=\"async\" src=\"http:\/\/www.ilbstory.com\/blog-photographe\/wp-content\/uploads\/Tamara-et-Stefan\/Chateau-de-barbirey-108.webp\" \/><br \/>\n<img decoding=\"async\" src=\"http:\/\/www.ilbstory.com\/blog-photographe\/wp-content\/uploads\/Tamara-et-Stefan\/Chateau-de-barbirey-109.webp\" \/><br \/>\n<img decoding=\"async\" src=\"http:\/\/www.ilbstory.com\/blog-photographe\/wp-content\/uploads\/Tamara-et-Stefan\/Chateau-de-barbirey-110.webp\" \/><br \/>\n<img decoding=\"async\" src=\"http:\/\/www.ilbstory.com\/blog-photographe\/wp-content\/uploads\/Tamara-et-Stefan\/Chateau-de-barbirey-111.webp\" \/><br \/>\n<img decoding=\"async\" src=\"http:\/\/www.ilbstory.com\/blog-photographe\/wp-content\/uploads\/Tamara-et-Stefan\/Chateau-de-barbirey-112.webp\" \/><br \/>\n<img decoding=\"async\" src=\"http:\/\/www.ilbstory.com\/blog-photographe\/wp-content\/uploads\/Tamara-et-Stefan\/Chateau-de-barbirey-113.webp\" \/><br \/>\n<img decoding=\"async\" src=\"http:\/\/www.ilbstory.com\/blog-photographe\/wp-content\/uploads\/Tamara-et-Stefan\/Chateau-de-barbirey-114.webp\" \/><br \/>\n<img decoding=\"async\" src=\"http:\/\/www.ilbstory.com\/blog-photographe\/wp-content\/uploads\/Tamara-et-Stefan\/Chateau-de-barbirey-115.webp\" \/><br \/>\n<img decoding=\"async\" src=\"http:\/\/www.ilbstory.com\/blog-photographe\/wp-content\/uploads\/Tamara-et-Stefan\/Chateau-de-barbirey-116.webp\" \/><br \/>\n<img decoding=\"async\" src=\"http:\/\/www.ilbstory.com\/blog-photographe\/wp-content\/uploads\/Tamara-et-Stefan\/Chateau-de-barbirey-117.webp\" \/><br \/>\n<img decoding=\"async\" src=\"http:\/\/www.ilbstory.com\/blog-photographe\/wp-content\/uploads\/Tamara-et-Stefan\/Chateau-de-barbirey-118.webp\" \/><br \/>\n<img decoding=\"async\" src=\"http:\/\/www.ilbstory.com\/blog-photographe\/wp-content\/uploads\/Tamara-et-Stefan\/Chateau-de-barbirey-119.webp\" \/><br \/>\n<img decoding=\"async\" src=\"http:\/\/www.ilbstory.com\/blog-photographe\/wp-content\/uploads\/Tamara-et-Stefan\/Chateau-de-barbirey-120.webp\" \/><br \/>\n<img decoding=\"async\" src=\"http:\/\/www.ilbstory.com\/blog-photographe\/wp-content\/uploads\/Tamara-et-Stefan\/Chateau-de-barbirey-121.webp\" \/><br \/>\n<img decoding=\"async\" src=\"http:\/\/www.ilbstory.com\/blog-photographe\/wp-content\/uploads\/Tamara-et-Stefan\/Chateau-de-barbirey-122.webp\" \/><br \/>\n<img decoding=\"async\" src=\"http:\/\/www.ilbstory.com\/blog-photographe\/wp-content\/uploads\/Tamara-et-Stefan\/Chateau-de-barbirey-123.webp\" \/><br \/>\n<img decoding=\"async\" src=\"http:\/\/www.ilbstory.com\/blog-photographe\/wp-content\/uploads\/Tamara-et-Stefan\/Chateau-de-barbirey-124.webp\" \/><br \/>\n<img decoding=\"async\" src=\"http:\/\/www.ilbstory.com\/blog-photographe\/wp-content\/uploads\/Tamara-et-Stefan\/Chateau-de-barbirey-125.webp\" \/><br \/>\n<img decoding=\"async\" src=\"http:\/\/www.ilbstory.com\/blog-photographe\/wp-content\/uploads\/Tamara-et-Stefan\/Chateau-de-barbirey-126.webp\" \/><br \/>\n<img decoding=\"async\" src=\"http:\/\/www.ilbstory.com\/blog-photographe\/wp-content\/uploads\/Tamara-et-Stefan\/Chateau-de-barbirey-127.webp\" \/><br \/>\n<img decoding=\"async\" src=\"http:\/\/www.ilbstory.com\/blog-photographe\/wp-content\/uploads\/Tamara-et-Stefan\/Chateau-de-barbirey-128.webp\" \/><br \/>\n<img decoding=\"async\" src=\"http:\/\/www.ilbstory.com\/blog-photographe\/wp-content\/uploads\/Tamara-et-Stefan\/Chateau-de-barbirey-129.webp\" \/><br \/>\n<img decoding=\"async\" src=\"http:\/\/www.ilbstory.com\/blog-photographe\/wp-content\/uploads\/Tamara-et-Stefan\/Chateau-de-barbirey-130.webp\" \/><br \/>\n<img decoding=\"async\" src=\"http:\/\/www.ilbstory.com\/blog-photographe\/wp-content\/uploads\/Tamara-et-Stefan\/Chateau-de-barbirey-131.webp\" \/><br \/>\n<img decoding=\"async\" src=\"http:\/\/www.ilbstory.com\/blog-photographe\/wp-content\/uploads\/Tamara-et-Stefan\/Chateau-de-barbirey-132.webp\" \/><br \/>\n<img decoding=\"async\" src=\"http:\/\/www.ilbstory.com\/blog-photographe\/wp-content\/uploads\/Tamara-et-Stefan\/Chateau-de-barbirey-133.webp\" \/><br \/>\n<img decoding=\"async\" src=\"http:\/\/www.ilbstory.com\/blog-photographe\/wp-content\/uploads\/Tamara-et-Stefan\/Chateau-de-barbirey-134.webp\" \/><br \/>\n<img decoding=\"async\" src=\"http:\/\/www.ilbstory.com\/blog-photographe\/wp-content\/uploads\/Tamara-et-Stefan\/Chateau-de-barbirey-135.webp\" \/><br \/>\n<img decoding=\"async\" src=\"http:\/\/www.ilbstory.com\/blog-photographe\/wp-content\/uploads\/Tamara-et-Stefan\/Chateau-de-barbirey-136.webp\" \/><br \/>\n<img decoding=\"async\" src=\"http:\/\/www.ilbstory.com\/blog-photographe\/wp-content\/uploads\/Tamara-et-Stefan\/Chateau-de-barbirey-137.webp\" \/><br \/>\n<img decoding=\"async\" src=\"http:\/\/www.ilbstory.com\/blog-photographe\/wp-content\/uploads\/Tamara-et-Stefan\/Chateau-de-barbirey-138.webp\" \/><br \/>\n<img decoding=\"async\" src=\"http:\/\/www.ilbstory.com\/blog-photographe\/wp-content\/uploads\/Tamara-et-Stefan\/Chateau-de-barbirey-139.webp\" \/><br \/>\n<img decoding=\"async\" src=\"http:\/\/www.ilbstory.com\/blog-photographe\/wp-content\/uploads\/Tamara-et-Stefan\/Chateau-de-barbirey-140.webp\" \/><br \/>\n<img decoding=\"async\" src=\"http:\/\/www.ilbstory.com\/blog-photographe\/wp-content\/uploads\/Tamara-et-Stefan\/Chateau-de-barbirey-141.webp\" \/><br \/>\n<img decoding=\"async\" src=\"http:\/\/www.ilbstory.com\/blog-photographe\/wp-content\/uploads\/Tamara-et-Stefan\/Chateau-de-barbirey-142.webp\" \/><br \/>\n<img decoding=\"async\" src=\"http:\/\/www.ilbstory.com\/blog-photographe\/wp-content\/uploads\/Tamara-et-Stefan\/Chateau-de-barbirey-143.webp\" \/><br \/>\n<img decoding=\"async\" src=\"http:\/\/www.ilbstory.com\/blog-photographe\/wp-content\/uploads\/Tamara-et-Stefan\/Chateau-de-barbirey-144.webp\" \/><\/p>\n<h2>Conseils pr\u00e9cieux pour les futurs mari\u00e9s envisageant un mariage au Ch\u00e2teau de Barbirey<\/h2>\n<p>Choisir un lieu comme le Ch\u00e2teau de Barbirey pour votre mariage en Bourgogne est une d\u00e9cision qui parle \u00e0 la fois au c\u0153ur et \u00e0 l&rsquo;esth\u00e9tique. Voici quelques conseils pour les futurs mari\u00e9s envisageant un mariage en ch\u00e2teau :<\/p>\n<ul>\n<li>Visitez le lieu \u00e0 diff\u00e9rentes heures de la journ\u00e9e pour comprendre comment la lumi\u00e8re transforme l&rsquo;espace.<\/li>\n<li>Communiquez avec votre photographe de mariage sur le style et les moments que vous souhaitez capturer.<\/li>\n<li>Pensez \u00e0 la logistique pour vos invit\u00e9s, surtout si vous venez de loin, comme de Dijon ou de Lyon.<\/li>\n<\/ul>\n<p style=\"text-align: center;\"><img decoding=\"async\" src=\"http:\/\/www.ilbstory.com\/blog-photographe\/wp-content\/uploads\/Tamara-et-Stefan\/Chateau-de-barbirey-145.webp\" \/><br \/>\n<img decoding=\"async\" src=\"http:\/\/www.ilbstory.com\/blog-photographe\/wp-content\/uploads\/Tamara-et-Stefan\/Chateau-de-barbirey-146.webp\" \/><br \/>\n<img decoding=\"async\" src=\"http:\/\/www.ilbstory.com\/blog-photographe\/wp-content\/uploads\/Tamara-et-Stefan\/Chateau-de-barbirey-147.webp\" \/><br \/>\n<img decoding=\"async\" src=\"http:\/\/www.ilbstory.com\/blog-photographe\/wp-content\/uploads\/Tamara-et-Stefan\/Chateau-de-barbirey-148.webp\" \/><br \/>\n<img decoding=\"async\" src=\"http:\/\/www.ilbstory.com\/blog-photographe\/wp-content\/uploads\/Tamara-et-Stefan\/Chateau-de-barbirey-149.webp\" \/><br \/>\n<img decoding=\"async\" src=\"http:\/\/www.ilbstory.com\/blog-photographe\/wp-content\/uploads\/Tamara-et-Stefan\/Chateau-de-barbirey-150.webp\" \/><br \/>\n<img decoding=\"async\" src=\"http:\/\/www.ilbstory.com\/blog-photographe\/wp-content\/uploads\/Tamara-et-Stefan\/Chateau-de-barbirey-151.webp\" \/><br \/>\n<img decoding=\"async\" src=\"http:\/\/www.ilbstory.com\/blog-photographe\/wp-content\/uploads\/Tamara-et-Stefan\/Chateau-de-barbirey-152.webp\" \/><br \/>\n<img decoding=\"async\" src=\"http:\/\/www.ilbstory.com\/blog-photographe\/wp-content\/uploads\/Tamara-et-Stefan\/Chateau-de-barbirey-153.webp\" \/><br \/>\n<img decoding=\"async\" src=\"http:\/\/www.ilbstory.com\/blog-photographe\/wp-content\/uploads\/Tamara-et-Stefan\/Chateau-de-barbirey-154.webp\" \/><br \/>\n<img decoding=\"async\" src=\"http:\/\/www.ilbstory.com\/blog-photographe\/wp-content\/uploads\/Tamara-et-Stefan\/Chateau-de-barbirey-155.webp\" \/><br \/>\n<img decoding=\"async\" src=\"http:\/\/www.ilbstory.com\/blog-photographe\/wp-content\/uploads\/Tamara-et-Stefan\/Chateau-de-barbirey-156.webp\" \/><br \/>\n<img decoding=\"async\" src=\"http:\/\/www.ilbstory.com\/blog-photographe\/wp-content\/uploads\/Tamara-et-Stefan\/Chateau-de-barbirey-157.webp\" \/><br \/>\n<img decoding=\"async\" src=\"http:\/\/www.ilbstory.com\/blog-photographe\/wp-content\/uploads\/Tamara-et-Stefan\/Chateau-de-barbirey-158.webp\" \/><br \/>\n<img decoding=\"async\" src=\"http:\/\/www.ilbstory.com\/blog-photographe\/wp-content\/uploads\/Tamara-et-Stefan\/Chateau-de-barbirey-159.webp\" \/><br \/>\n<img decoding=\"async\" src=\"http:\/\/www.ilbstory.com\/blog-photographe\/wp-content\/uploads\/Tamara-et-Stefan\/Chateau-de-barbirey-160.webp\" \/><br \/>\n<img decoding=\"async\" src=\"http:\/\/www.ilbstory.com\/blog-photographe\/wp-content\/uploads\/Tamara-et-Stefan\/Chateau-de-barbirey-161.webp\" \/><br \/>\n<img decoding=\"async\" src=\"http:\/\/www.ilbstory.com\/blog-photographe\/wp-content\/uploads\/Tamara-et-Stefan\/Chateau-de-barbirey-162.webp\" \/><br \/>\n<img decoding=\"async\" src=\"http:\/\/www.ilbstory.com\/blog-photographe\/wp-content\/uploads\/Tamara-et-Stefan\/Chateau-de-barbirey-163.webp\" \/><br \/>\n<img decoding=\"async\" src=\"http:\/\/www.ilbstory.com\/blog-photographe\/wp-content\/uploads\/Tamara-et-Stefan\/Chateau-de-barbirey-164.webp\" \/><br \/>\n<img decoding=\"async\" src=\"http:\/\/www.ilbstory.com\/blog-photographe\/wp-content\/uploads\/Tamara-et-Stefan\/Chateau-de-barbirey-165.webp\" \/><br \/>\n<img decoding=\"async\" src=\"http:\/\/www.ilbstory.com\/blog-photographe\/wp-content\/uploads\/Tamara-et-Stefan\/Chateau-de-barbirey-166.webp\" \/><br \/>\n<img decoding=\"async\" src=\"http:\/\/www.ilbstory.com\/blog-photographe\/wp-content\/uploads\/Tamara-et-Stefan\/Chateau-de-barbirey-167.webp\" \/><br \/>\n<img decoding=\"async\" src=\"http:\/\/www.ilbstory.com\/blog-photographe\/wp-content\/uploads\/Tamara-et-Stefan\/Chateau-de-barbirey-168.webp\" \/><br \/>\n<img decoding=\"async\" src=\"http:\/\/www.ilbstory.com\/blog-photographe\/wp-content\/uploads\/Tamara-et-Stefan\/Chateau-de-barbirey-169.webp\" \/><br \/>\n<img decoding=\"async\" src=\"http:\/\/www.ilbstory.com\/blog-photographe\/wp-content\/uploads\/Tamara-et-Stefan\/Chateau-de-barbirey-170.webp\" \/><\/p>\n<h2>La lumi\u00e8re : Techniques de photographie de mariage<\/h2>\n<p>La photographie de mariage au Ch\u00e2teau de Barbirey transcende la simple capture d&rsquo;images ; elle devient une qu\u00eate de la lumi\u00e8re parfaite, qui met en valeur l&rsquo;amour et la joie. La lumi\u00e8re naturelle, si particuli\u00e8re \u00e0 la Bourgogne, joue un r\u00f4le crucial dans la cr\u00e9ation de photos de mariage qui semblent presque intemporelles.<\/p>\n<h2>Un cadre de conte de f\u00e9es<\/h2>\n<p>Le Ch\u00e2teau de Barbirey n&rsquo;est pas seulement un lieu, mais un personnage \u00e0 part enti\u00e8re dans l&rsquo;histoire d&rsquo;un mariage. Avec ses tours \u00e9l\u00e9gantes, ses jardins \u00e0 la fran\u00e7aise, et ses salles remplies d&rsquo;histoire, le ch\u00e2teau offre une multitude de sc\u00e8nes pour des photos de mariage.<\/p>\n<p style=\"text-align: center;\"><img decoding=\"async\" src=\"http:\/\/www.ilbstory.com\/blog-photographe\/wp-content\/uploads\/Tamara-et-Stefan\/Chateau-de-barbirey-171.webp\" \/><br \/>\n<img decoding=\"async\" src=\"http:\/\/www.ilbstory.com\/blog-photographe\/wp-content\/uploads\/Tamara-et-Stefan\/Chateau-de-barbirey-172.webp\" \/><br \/>\n<img decoding=\"async\" src=\"http:\/\/www.ilbstory.com\/blog-photographe\/wp-content\/uploads\/Tamara-et-Stefan\/Chateau-de-barbirey-173.webp\" \/><br \/>\n<img decoding=\"async\" src=\"http:\/\/www.ilbstory.com\/blog-photographe\/wp-content\/uploads\/Tamara-et-Stefan\/Chateau-de-barbirey-174.webp\" \/><br \/>\n<img decoding=\"async\" src=\"http:\/\/www.ilbstory.com\/blog-photographe\/wp-content\/uploads\/Tamara-et-Stefan\/Chateau-de-barbirey-175.webp\" \/><br \/>\n<img decoding=\"async\" src=\"http:\/\/www.ilbstory.com\/blog-photographe\/wp-content\/uploads\/Tamara-et-Stefan\/Chateau-de-barbirey-176.webp\" \/><br \/>\n<img decoding=\"async\" src=\"http:\/\/www.ilbstory.com\/blog-photographe\/wp-content\/uploads\/Tamara-et-Stefan\/Chateau-de-barbirey-177.webp\" \/><br \/>\n<img decoding=\"async\" src=\"http:\/\/www.ilbstory.com\/blog-photographe\/wp-content\/uploads\/Tamara-et-Stefan\/Chateau-de-barbirey-178.webp\" \/><br \/>\n<img decoding=\"async\" src=\"http:\/\/www.ilbstory.com\/blog-photographe\/wp-content\/uploads\/Tamara-et-Stefan\/Chateau-de-barbirey-179.webp\" \/><br \/>\n<img decoding=\"async\" src=\"http:\/\/www.ilbstory.com\/blog-photographe\/wp-content\/uploads\/Tamara-et-Stefan\/Chateau-de-barbirey-180.webp\" \/><br \/>\n<img decoding=\"async\" src=\"http:\/\/www.ilbstory.com\/blog-photographe\/wp-content\/uploads\/Tamara-et-Stefan\/Chateau-de-barbirey-181.webp\" \/><br \/>\n<img decoding=\"async\" src=\"http:\/\/www.ilbstory.com\/blog-photographe\/wp-content\/uploads\/Tamara-et-Stefan\/Chateau-de-barbirey-182.webp\" \/><br \/>\n<img decoding=\"async\" src=\"http:\/\/www.ilbstory.com\/blog-photographe\/wp-content\/uploads\/Tamara-et-Stefan\/Chateau-de-barbirey-183.webp\" \/><br \/>\n<img decoding=\"async\" src=\"http:\/\/www.ilbstory.com\/blog-photographe\/wp-content\/uploads\/Tamara-et-Stefan\/Chateau-de-barbirey-184.webp\" \/><br \/>\n<img decoding=\"async\" src=\"http:\/\/www.ilbstory.com\/blog-photographe\/wp-content\/uploads\/Tamara-et-Stefan\/Chateau-de-barbirey-185.webp\" \/><br \/>\n<img decoding=\"async\" src=\"http:\/\/www.ilbstory.com\/blog-photographe\/wp-content\/uploads\/Tamara-et-Stefan\/Chateau-de-barbirey-186.webp\" \/><br \/>\n<img decoding=\"async\" src=\"http:\/\/www.ilbstory.com\/blog-photographe\/wp-content\/uploads\/Tamara-et-Stefan\/Chateau-de-barbirey-187.webp\" \/><br \/>\n<img decoding=\"async\" src=\"http:\/\/www.ilbstory.com\/blog-photographe\/wp-content\/uploads\/Tamara-et-Stefan\/Chateau-de-barbirey-188.webp\" \/><br \/>\n<img decoding=\"async\" src=\"http:\/\/www.ilbstory.com\/blog-photographe\/wp-content\/uploads\/Tamara-et-Stefan\/Chateau-de-barbirey-189.webp\" \/><br \/>\n<img decoding=\"async\" src=\"http:\/\/www.ilbstory.com\/blog-photographe\/wp-content\/uploads\/Tamara-et-Stefan\/Chateau-de-barbirey-190.webp\" \/><br \/>\n<img decoding=\"async\" src=\"http:\/\/www.ilbstory.com\/blog-photographe\/wp-content\/uploads\/Tamara-et-Stefan\/Chateau-de-barbirey-191.webp\" \/><br \/>\n<img decoding=\"async\" src=\"http:\/\/www.ilbstory.com\/blog-photographe\/wp-content\/uploads\/Tamara-et-Stefan\/Chateau-de-barbirey-192.webp\" \/><br \/>\n<img decoding=\"async\" src=\"http:\/\/www.ilbstory.com\/blog-photographe\/wp-content\/uploads\/Tamara-et-Stefan\/Chateau-de-barbirey-193.webp\" \/><br \/>\n<img decoding=\"async\" src=\"http:\/\/www.ilbstory.com\/blog-photographe\/wp-content\/uploads\/Tamara-et-Stefan\/Chateau-de-barbirey-194.webp\" \/><br \/>\n<img decoding=\"async\" src=\"http:\/\/www.ilbstory.com\/blog-photographe\/wp-content\/uploads\/Tamara-et-Stefan\/Chateau-de-barbirey-195.webp\" \/><br \/>\n<img decoding=\"async\" src=\"http:\/\/www.ilbstory.com\/blog-photographe\/wp-content\/uploads\/Tamara-et-Stefan\/Chateau-de-barbirey-196.webp\" \/><br \/>\n<img decoding=\"async\" src=\"http:\/\/www.ilbstory.com\/blog-photographe\/wp-content\/uploads\/Tamara-et-Stefan\/Chateau-de-barbirey-197.webp\" \/><br \/>\n<img decoding=\"async\" src=\"http:\/\/www.ilbstory.com\/blog-photographe\/wp-content\/uploads\/Tamara-et-Stefan\/Chateau-de-barbirey-198.webp\" \/><br \/>\n<img decoding=\"async\" src=\"http:\/\/www.ilbstory.com\/blog-photographe\/wp-content\/uploads\/Tamara-et-Stefan\/Chateau-de-barbirey-199.webp\" \/><br \/>\n<img decoding=\"async\" src=\"http:\/\/www.ilbstory.com\/blog-photographe\/wp-content\/uploads\/Tamara-et-Stefan\/Chateau-de-barbirey-200.webp\" \/><br \/>\n<img decoding=\"async\" src=\"http:\/\/www.ilbstory.com\/blog-photographe\/wp-content\/uploads\/Tamara-et-Stefan\/Chateau-de-barbirey-201.webp\" \/><br \/>\n<img decoding=\"async\" src=\"http:\/\/www.ilbstory.com\/blog-photographe\/wp-content\/uploads\/Tamara-et-Stefan\/Chateau-de-barbirey-202.webp\" \/><br \/>\n<img decoding=\"async\" src=\"http:\/\/www.ilbstory.com\/blog-photographe\/wp-content\/uploads\/Tamara-et-Stefan\/Chateau-de-barbirey-203.webp\" \/><br \/>\n<img decoding=\"async\" src=\"http:\/\/www.ilbstory.com\/blog-photographe\/wp-content\/uploads\/Tamara-et-Stefan\/Chateau-de-barbirey-204.webp\" \/><br \/>\n<img decoding=\"async\" src=\"http:\/\/www.ilbstory.com\/blog-photographe\/wp-content\/uploads\/Tamara-et-Stefan\/Chateau-de-barbirey-205.webp\" \/><br \/>\n<img decoding=\"async\" src=\"http:\/\/www.ilbstory.com\/blog-photographe\/wp-content\/uploads\/Tamara-et-Stefan\/Chateau-de-barbirey-206.webp\" \/><\/p>\n<h2>Photographe de mariage au Ch\u00e2teau de Barbirey en Bourgogne,\u00a0 Dijon<\/h2>\n<p>Le mariage de Tamara et Stefan au Ch\u00e2teau de Barbirey en Bourgogne a \u00e9t\u00e9 une c\u00e9l\u00e9bration de l&rsquo;amour, de la beaut\u00e9, et de l&rsquo;amiti\u00e9. En tant que photographe de mariage \u00e0 Dijon en Bourgogne, chaque mariage est une nouvelle histoire \u00e0 raconter, un nouveau d\u00e9fi \u00e0 relever. Mais certains moments restent grav\u00e9s dans la m\u00e9moire, non seulement sur la pellicule, mais dans le c\u0153ur.[\/vc_column_text][\/vc_column][\/vc_row][vc_row][vc_column width=\u00a0\u00bb1\/1&Prime;][uncode_index loop=\u00a0\u00bbsize:7|order_by:date|post_type:post|by_id:3187,2729,2540,1113,83977,83944,83954|taxonomy_count:10&Prime; screen_lg=\u00a0\u00bb1000&Prime; screen_md=\u00a0\u00bb600&Prime; screen_sm=\u00a0\u00bb480&Prime; gutter_size=\u00a0\u00bb3&Prime; post_items=\u00a0\u00bbmedia|featured|onpost|original,title\u00a0\u00bb single_width=\u00a0\u00bb3&Prime; single_overlay_opacity=\u00a0\u00bb50&Prime; single_padding=\u00a0\u00bb2&Prime; uncode_shortcode_id=\u00a0\u00bb666681&Prime;][\/vc_column][\/vc_row]<\/p>\n<\/div>","protected":false},"excerpt":{"rendered":"<p>[vc_row][vc_column column_width_percent=\u00a0\u00bb100&Prime; gutter_size=\u00a0\u00bb3&Prime; overlay_alpha=\u00a0\u00bb50&Prime; shift_x=\u00a0\u00bb0&Prime; shift_y=\u00a0\u00bb0&Prime; shift_y_down=\u00a0\u00bb0&Prime; z_index=\u00a0\u00bb0&Prime; medium_width=\u00a0\u00bb0&Prime; mobile_width=\u00a0\u00bb0&Prime; width=\u00a0\u00bb1\/1&Prime; uncode_shortcode_id=\u00a0\u00bb994666&Prime;][vc_custom_heading heading_semantic=\u00a0\u00bbh1&Prime; text_font=\u00a0\u00bbfont-169825&Prime; text_size=\u00a0\u00bbh1&Prime; uncode_shortcode_id=\u00a0\u00bb126293&Prime;] Un mariage au Ch\u00e2teau [&hellip;]<\/p>\n","protected":false},"author":1,"featured_media":83290,"comment_status":"open","ping_status":"open","sticky":false,"template":"","format":"standard","meta":{"footnotes":""},"categories":[29],"tags":[],"class_list":["post-1547","post","type-post","status-publish","format-standard","has-post-thumbnail","hentry","category-tout"],"psp_head":"<title>Ch\u00e2teau de Barbirey \u2013 Photographe mariage lyon - Blog ILB Story<\/title>\r\n<meta name=\"description\" content=\"Un magnifique mariage au Ch\u00e2teau de Barbirey, photographe mariage \u00e0 lyon, un mariage en bourgogne.\" \/>\r\n<meta name=\"robots\" content=\"index,follow\" \/>\r\n<link rel=\"canonical\" href=\"https:\/\/www.ilbstory.com\/blog-photographe\/chateau-de-barbirey\/\" \/>\r\n","_links":{"self":[{"href":"https:\/\/www.ilbstory.com\/blog-photographe\/wp-json\/wp\/v2\/posts\/1547","targetHints":{"allow":["GET"]}}],"collection":[{"href":"https:\/\/www.ilbstory.com\/blog-photographe\/wp-json\/wp\/v2\/posts"}],"about":[{"href":"https:\/\/www.ilbstory.com\/blog-photographe\/wp-json\/wp\/v2\/types\/post"}],"author":[{"embeddable":true,"href":"https:\/\/www.ilbstory.com\/blog-photographe\/wp-json\/wp\/v2\/users\/1"}],"replies":[{"embeddable":true,"href":"https:\/\/www.ilbstory.com\/blog-photographe\/wp-json\/wp\/v2\/comments?post=1547"}],"version-history":[{"count":27,"href":"https:\/\/www.ilbstory.com\/blog-photographe\/wp-json\/wp\/v2\/posts\/1547\/revisions"}],"predecessor-version":[{"id":84011,"href":"https:\/\/www.ilbstory.com\/blog-photographe\/wp-json\/wp\/v2\/posts\/1547\/revisions\/84011"}],"wp:featuredmedia":[{"embeddable":true,"href":"https:\/\/www.ilbstory.com\/blog-photographe\/wp-json\/wp\/v2\/media\/83290"}],"wp:attachment":[{"href":"https:\/\/www.ilbstory.com\/blog-photographe\/wp-json\/wp\/v2\/media?parent=1547"}],"wp:term":[{"taxonomy":"category","embeddable":true,"href":"https:\/\/www.ilbstory.com\/blog-photographe\/wp-json\/wp\/v2\/categories?post=1547"},{"taxonomy":"post_tag","embeddable":true,"href":"https:\/\/www.ilbstory.com\/blog-photographe\/wp-json\/wp\/v2\/tags?post=1547"}],"curies":[{"name":"wp","href":"https:\/\/api.w.org\/{rel}","templated":true}]}}