{"id":1359,"date":"2015-07-17T18:51:55","date_gmt":"2015-07-17T16:51:55","guid":{"rendered":"http:\/\/www.ilbstory.com\/blog-photographe\/?p=1359"},"modified":"2024-03-10T15:12:01","modified_gmt":"2024-03-10T14:12:01","slug":"manoir-de-la-garde","status":"publish","type":"post","link":"https:\/\/www.ilbstory.com\/blog-photographe\/manoir-de-la-garde\/","title":{"rendered":"Photographe de mariage \u00e0 Lyon : Capturer l&rsquo;inoubliable au Manoir de la Garde"},"content":{"rendered":"<div class=\"wpb-content-wrapper\"><p>[vc_row][vc_column width=\u00a0\u00bb1\/1&Prime;][vc_custom_heading heading_semantic=\u00a0\u00bbh1&Prime; text_font=\u00a0\u00bbfont-169825&Prime; text_size=\u00a0\u00bbh1&Prime; uncode_shortcode_id=\u00a0\u00bb190393&Prime;]<\/p>\n<h1>Photographe de mariage \u00e0 Lyon : Capturer l&rsquo;inoubliable au Manoir de la Garde<\/h1>\n<p>[\/vc_custom_heading][vc_column_text]Dans le c\u0153ur vibrant de la campagne beaujolaise, le Manoir de la Garde \u00e0 Jarnioux se dresse comme un joyau d&rsquo;histoire et d&rsquo;\u00e9l\u00e9gance. C&rsquo;est un lieu o\u00f9 les contes de f\u00e9es prennent vie sous l&rsquo;objectif attentif d&rsquo;un <a href=\"https:\/\/www.ilbstory.com\/\" target=\"_blank\" rel=\"noopener\">photographe de mariage \u00e0 Lyon<\/a>. Le mariage d&rsquo;Amandine et Pierre-Marie, un couple vibrant d&rsquo;amour et d&rsquo;\u00e9nergie, a \u00e9t\u00e9 l&rsquo;occasion de capturer des moments d&rsquo;\u00e9motion pure, de rire et de complicit\u00e9, illustrant parfaitement la particularit\u00e9 d&rsquo;une journ\u00e9e de mariage Lyon inoubliable.<\/p>\n<p style=\"text-align: center;\"><img decoding=\"async\" src=\"http:\/\/www.ilbstory.com\/blog-photographe\/wp-content\/uploads\/amandine-pierre-marie\/manoir-de-la-garde-001.webp\" \/><br \/>\n<img decoding=\"async\" src=\"http:\/\/www.ilbstory.com\/blog-photographe\/wp-content\/uploads\/amandine-pierre-marie\/manoir-de-la-garde-002.webp\" \/><br \/>\n<img decoding=\"async\" src=\"http:\/\/www.ilbstory.com\/blog-photographe\/wp-content\/uploads\/amandine-pierre-marie\/manoir-de-la-garde-003.webp\" \/><br \/>\n<img decoding=\"async\" src=\"http:\/\/www.ilbstory.com\/blog-photographe\/wp-content\/uploads\/amandine-pierre-marie\/manoir-de-la-garde-004.webp\" \/><br \/>\n<img decoding=\"async\" src=\"http:\/\/www.ilbstory.com\/blog-photographe\/wp-content\/uploads\/amandine-pierre-marie\/manoir-de-la-garde-005.webp\" \/><br \/>\n<img decoding=\"async\" src=\"http:\/\/www.ilbstory.com\/blog-photographe\/wp-content\/uploads\/amandine-pierre-marie\/manoir-de-la-garde-006.webp\" \/><\/p>\n<h2>Les pr\u00e9paratifs au Manoir de la Garde : Photographe mariage Lyon<\/h2>\n<p>D\u00e8s l&rsquo;aube, l&rsquo;effervescence \u00e9tait palpable. Amandine, rayonnante, entour\u00e9e de ses proches, se pr\u00e9parait dans une atmosph\u00e8re de gaiet\u00e9 contagieuse. En tant que photographe de mariage professionnel \u00e0 Lyon, saisir l&rsquo;intimit\u00e9 de ces instants pr\u00e9paratoires est essentiel ; chaque sourire, chaque \u00e9clat de rire, chaque regard \u00e9chang\u00e9 entre Amandine et ses t\u00e9moins ajoutait une couche d&rsquo;authenticit\u00e9 et de chaleur \u00e0 leur r\u00e9cit de mariage.<\/p>\n<p style=\"text-align: center;\"><img decoding=\"async\" src=\"http:\/\/www.ilbstory.com\/blog-photographe\/wp-content\/uploads\/amandine-pierre-marie\/manoir-de-la-garde-007.webp\" \/><br \/>\n<img decoding=\"async\" src=\"http:\/\/www.ilbstory.com\/blog-photographe\/wp-content\/uploads\/amandine-pierre-marie\/manoir-de-la-garde-008.webp\" \/><br \/>\n<img decoding=\"async\" src=\"http:\/\/www.ilbstory.com\/blog-photographe\/wp-content\/uploads\/amandine-pierre-marie\/manoir-de-la-garde-009.webp\" \/><br \/>\n<img decoding=\"async\" src=\"http:\/\/www.ilbstory.com\/blog-photographe\/wp-content\/uploads\/amandine-pierre-marie\/manoir-de-la-garde-010.webp\" \/><br \/>\n<img decoding=\"async\" src=\"http:\/\/www.ilbstory.com\/blog-photographe\/wp-content\/uploads\/amandine-pierre-marie\/manoir-de-la-garde-011.webp\" \/><br \/>\n<img decoding=\"async\" src=\"http:\/\/www.ilbstory.com\/blog-photographe\/wp-content\/uploads\/amandine-pierre-marie\/manoir-de-la-garde-012.webp\" \/><br \/>\n<img decoding=\"async\" src=\"http:\/\/www.ilbstory.com\/blog-photographe\/wp-content\/uploads\/amandine-pierre-marie\/manoir-de-la-garde-013.webp\" \/><br \/>\n<img decoding=\"async\" src=\"http:\/\/www.ilbstory.com\/blog-photographe\/wp-content\/uploads\/amandine-pierre-marie\/manoir-de-la-garde-014.webp\" \/><br \/>\n<img decoding=\"async\" src=\"http:\/\/www.ilbstory.com\/blog-photographe\/wp-content\/uploads\/amandine-pierre-marie\/manoir-de-la-garde-015.webp\" \/><br \/>\n<img decoding=\"async\" src=\"http:\/\/www.ilbstory.com\/blog-photographe\/wp-content\/uploads\/amandine-pierre-marie\/manoir-de-la-garde-016.webp\" \/><br \/>\n<img decoding=\"async\" src=\"http:\/\/www.ilbstory.com\/blog-photographe\/wp-content\/uploads\/amandine-pierre-marie\/manoir-de-la-garde-017.webp\" \/><br \/>\n<img decoding=\"async\" src=\"http:\/\/www.ilbstory.com\/blog-photographe\/wp-content\/uploads\/amandine-pierre-marie\/manoir-de-la-garde-018.webp\" \/><br \/>\n<img decoding=\"async\" src=\"http:\/\/www.ilbstory.com\/blog-photographe\/wp-content\/uploads\/amandine-pierre-marie\/manoir-de-la-garde-019.webp\" \/><br \/>\n<img decoding=\"async\" src=\"http:\/\/www.ilbstory.com\/blog-photographe\/wp-content\/uploads\/amandine-pierre-marie\/manoir-de-la-garde-020.webp\" \/><br \/>\n<img decoding=\"async\" src=\"http:\/\/www.ilbstory.com\/blog-photographe\/wp-content\/uploads\/amandine-pierre-marie\/manoir-de-la-garde-021.webp\" \/><br \/>\n<img decoding=\"async\" src=\"http:\/\/www.ilbstory.com\/blog-photographe\/wp-content\/uploads\/amandine-pierre-marie\/manoir-de-la-garde-022.webp\" \/><br \/>\n<img decoding=\"async\" src=\"http:\/\/www.ilbstory.com\/blog-photographe\/wp-content\/uploads\/amandine-pierre-marie\/manoir-de-la-garde-023.webp\" \/><\/p>\n<p style=\"text-align: center;\"><img decoding=\"async\" src=\"http:\/\/www.ilbstory.com\/blog-photographe\/wp-content\/uploads\/amandine-pierre-marie\/manoir-de-la-garde-024.webp\" \/><br \/>\n<img decoding=\"async\" src=\"http:\/\/www.ilbstory.com\/blog-photographe\/wp-content\/uploads\/amandine-pierre-marie\/manoir-de-la-garde-025.webp\" \/><br \/>\n<img decoding=\"async\" src=\"http:\/\/www.ilbstory.com\/blog-photographe\/wp-content\/uploads\/amandine-pierre-marie\/manoir-de-la-garde-026.webp\" \/><br \/>\n<img decoding=\"async\" src=\"http:\/\/www.ilbstory.com\/blog-photographe\/wp-content\/uploads\/amandine-pierre-marie\/manoir-de-la-garde-027.webp\" \/><br \/>\n<img decoding=\"async\" src=\"http:\/\/www.ilbstory.com\/blog-photographe\/wp-content\/uploads\/amandine-pierre-marie\/manoir-de-la-garde-028.webp\" \/><br \/>\n<img decoding=\"async\" src=\"http:\/\/www.ilbstory.com\/blog-photographe\/wp-content\/uploads\/amandine-pierre-marie\/manoir-de-la-garde-029.webp\" \/><br \/>\n<img decoding=\"async\" src=\"http:\/\/www.ilbstory.com\/blog-photographe\/wp-content\/uploads\/amandine-pierre-marie\/manoir-de-la-garde-030.webp\" \/><br \/>\n<img decoding=\"async\" src=\"http:\/\/www.ilbstory.com\/blog-photographe\/wp-content\/uploads\/amandine-pierre-marie\/manoir-de-la-garde-031.webp\" \/><br \/>\n<img decoding=\"async\" src=\"http:\/\/www.ilbstory.com\/blog-photographe\/wp-content\/uploads\/amandine-pierre-marie\/manoir-de-la-garde-032.webp\" \/><br \/>\n<img decoding=\"async\" src=\"http:\/\/www.ilbstory.com\/blog-photographe\/wp-content\/uploads\/amandine-pierre-marie\/manoir-de-la-garde-033.webp\" \/><br \/>\n<img decoding=\"async\" src=\"http:\/\/www.ilbstory.com\/blog-photographe\/wp-content\/uploads\/amandine-pierre-marie\/manoir-de-la-garde-034.webp\" \/><br \/>\n<img decoding=\"async\" src=\"http:\/\/www.ilbstory.com\/blog-photographe\/wp-content\/uploads\/amandine-pierre-marie\/manoir-de-la-garde-035.webp\" \/><br \/>\n<img decoding=\"async\" src=\"http:\/\/www.ilbstory.com\/blog-photographe\/wp-content\/uploads\/amandine-pierre-marie\/manoir-de-la-garde-036.webp\" \/><br \/>\n<img decoding=\"async\" src=\"http:\/\/www.ilbstory.com\/blog-photographe\/wp-content\/uploads\/amandine-pierre-marie\/manoir-de-la-garde-037.webp\" \/><br \/>\n<img decoding=\"async\" src=\"http:\/\/www.ilbstory.com\/blog-photographe\/wp-content\/uploads\/amandine-pierre-marie\/manoir-de-la-garde-038.webp\" \/><br \/>\n<img decoding=\"async\" src=\"http:\/\/www.ilbstory.com\/blog-photographe\/wp-content\/uploads\/amandine-pierre-marie\/manoir-de-la-garde-039.webp\" \/><br \/>\n<img decoding=\"async\" src=\"http:\/\/www.ilbstory.com\/blog-photographe\/wp-content\/uploads\/amandine-pierre-marie\/manoir-de-la-garde-040.webp\" \/><br \/>\n<img decoding=\"async\" src=\"http:\/\/www.ilbstory.com\/blog-photographe\/wp-content\/uploads\/amandine-pierre-marie\/manoir-de-la-garde-041.webp\" \/><br \/>\n<img decoding=\"async\" src=\"http:\/\/www.ilbstory.com\/blog-photographe\/wp-content\/uploads\/amandine-pierre-marie\/manoir-de-la-garde-042.webp\" \/><br \/>\n<img decoding=\"async\" src=\"http:\/\/www.ilbstory.com\/blog-photographe\/wp-content\/uploads\/amandine-pierre-marie\/manoir-de-la-garde-043.webp\" \/><br \/>\n<img decoding=\"async\" src=\"http:\/\/www.ilbstory.com\/blog-photographe\/wp-content\/uploads\/amandine-pierre-marie\/manoir-de-la-garde-044.webp\" \/><br \/>\n<img decoding=\"async\" src=\"http:\/\/www.ilbstory.com\/blog-photographe\/wp-content\/uploads\/amandine-pierre-marie\/manoir-de-la-garde-045.webp\" \/><br \/>\n<img decoding=\"async\" src=\"http:\/\/www.ilbstory.com\/blog-photographe\/wp-content\/uploads\/amandine-pierre-marie\/manoir-de-la-garde-046.webp\" \/><br \/>\n<img decoding=\"async\" src=\"http:\/\/www.ilbstory.com\/blog-photographe\/wp-content\/uploads\/amandine-pierre-marie\/manoir-de-la-garde-047.webp\" \/><br \/>\n<img decoding=\"async\" src=\"http:\/\/www.ilbstory.com\/blog-photographe\/wp-content\/uploads\/amandine-pierre-marie\/manoir-de-la-garde-048.webp\" \/><\/p>\n<h2>Une c\u00e9r\u00e9monie embl\u00e9matique dans le Beaujolais<\/h2>\n<p>Le Manoir de la Garde, avec ses vastes jardins et son architecture \u00e9poustouflante, offrait un cadre parfait pour leur union. La c\u00e9r\u00e9monie, remplie d&rsquo;\u00e9motions et de solennit\u00e9, fut un ballet de moments touchants, captur\u00e9s avec une sensibilit\u00e9 artistique par votre d\u00e9vou\u00e9 photographe de mariage \u00e0 Lyon. Chaque v\u0153u \u00e9chang\u00e9, chaque sourire partag\u00e9, \u00e9tait une invitation \u00e0 plonger dans l&rsquo;intimit\u00e9 du couple, offrant une fen\u00eatre sur leur amour et leur engagement mutuel.<\/p>\n<p style=\"text-align: center;\"><img decoding=\"async\" src=\"http:\/\/www.ilbstory.com\/blog-photographe\/wp-content\/uploads\/amandine-pierre-marie\/manoir-de-la-garde-049.webp\" \/><br \/>\n<img decoding=\"async\" src=\"http:\/\/www.ilbstory.com\/blog-photographe\/wp-content\/uploads\/amandine-pierre-marie\/manoir-de-la-garde-050.webp\" \/><br \/>\n<img decoding=\"async\" src=\"http:\/\/www.ilbstory.com\/blog-photographe\/wp-content\/uploads\/amandine-pierre-marie\/manoir-de-la-garde-051.webp\" \/><br \/>\n<img decoding=\"async\" src=\"http:\/\/www.ilbstory.com\/blog-photographe\/wp-content\/uploads\/amandine-pierre-marie\/manoir-de-la-garde-052.webp\" \/><br \/>\n<img decoding=\"async\" src=\"http:\/\/www.ilbstory.com\/blog-photographe\/wp-content\/uploads\/amandine-pierre-marie\/manoir-de-la-garde-053.webp\" \/><br \/>\n<img decoding=\"async\" src=\"http:\/\/www.ilbstory.com\/blog-photographe\/wp-content\/uploads\/amandine-pierre-marie\/manoir-de-la-garde-054.webp\" \/><br \/>\n<img decoding=\"async\" src=\"http:\/\/www.ilbstory.com\/blog-photographe\/wp-content\/uploads\/amandine-pierre-marie\/manoir-de-la-garde-055.webp\" \/><br \/>\n<img decoding=\"async\" src=\"http:\/\/www.ilbstory.com\/blog-photographe\/wp-content\/uploads\/amandine-pierre-marie\/manoir-de-la-garde-056.webp\" \/><br \/>\n<img decoding=\"async\" src=\"http:\/\/www.ilbstory.com\/blog-photographe\/wp-content\/uploads\/amandine-pierre-marie\/manoir-de-la-garde-057.webp\" \/><br \/>\n<img decoding=\"async\" src=\"http:\/\/www.ilbstory.com\/blog-photographe\/wp-content\/uploads\/amandine-pierre-marie\/manoir-de-la-garde-058.webp\" \/><br \/>\n<img decoding=\"async\" src=\"http:\/\/www.ilbstory.com\/blog-photographe\/wp-content\/uploads\/amandine-pierre-marie\/manoir-de-la-garde-059.webp\" \/><br \/>\n<img decoding=\"async\" src=\"http:\/\/www.ilbstory.com\/blog-photographe\/wp-content\/uploads\/amandine-pierre-marie\/manoir-de-la-garde-060.webp\" \/><br \/>\n<img decoding=\"async\" src=\"http:\/\/www.ilbstory.com\/blog-photographe\/wp-content\/uploads\/amandine-pierre-marie\/manoir-de-la-garde-061.webp\" \/><br \/>\n<img decoding=\"async\" src=\"http:\/\/www.ilbstory.com\/blog-photographe\/wp-content\/uploads\/amandine-pierre-marie\/manoir-de-la-garde-062.webp\" \/><br \/>\n<img decoding=\"async\" src=\"http:\/\/www.ilbstory.com\/blog-photographe\/wp-content\/uploads\/amandine-pierre-marie\/manoir-de-la-garde-063.webp\" \/><br \/>\n<img decoding=\"async\" src=\"http:\/\/www.ilbstory.com\/blog-photographe\/wp-content\/uploads\/amandine-pierre-marie\/manoir-de-la-garde-064.webp\" \/><br \/>\n<img decoding=\"async\" src=\"http:\/\/www.ilbstory.com\/blog-photographe\/wp-content\/uploads\/amandine-pierre-marie\/manoir-de-la-garde-065.webp\" \/><br \/>\n<img decoding=\"async\" src=\"http:\/\/www.ilbstory.com\/blog-photographe\/wp-content\/uploads\/amandine-pierre-marie\/manoir-de-la-garde-066.webp\" \/><br \/>\n<img decoding=\"async\" src=\"http:\/\/www.ilbstory.com\/blog-photographe\/wp-content\/uploads\/amandine-pierre-marie\/manoir-de-la-garde-067.webp\" \/><br \/>\n<img decoding=\"async\" src=\"http:\/\/www.ilbstory.com\/blog-photographe\/wp-content\/uploads\/amandine-pierre-marie\/manoir-de-la-garde-068.webp\" \/><br \/>\n<img decoding=\"async\" src=\"http:\/\/www.ilbstory.com\/blog-photographe\/wp-content\/uploads\/amandine-pierre-marie\/manoir-de-la-garde-069.webp\" \/><br \/>\n<img decoding=\"async\" src=\"http:\/\/www.ilbstory.com\/blog-photographe\/wp-content\/uploads\/amandine-pierre-marie\/manoir-de-la-garde-070.webp\" \/><\/p>\n<h2>La r\u00e9ception : Au Manoir de la Garde \u00e0 Jarnioux<\/h2>\n<p>La transition vers la r\u00e9ception fut un v\u00e9ritable feu d&rsquo;artifice d&rsquo;\u00e9motions. Le Manoir de la Garde \u00e0 Jarnioux, avec ses salles orn\u00e9es et ses espaces verts luxuriants, se pr\u00eatait \u00e0 une soir\u00e9e de c\u00e9l\u00e9bration o\u00f9 chaque invit\u00e9 contribuait \u00e0 l&rsquo;ambiance festive. En tant que photographe de mariage, capturer l&rsquo;essence de ces moments, des \u00e9clats de rire aux pas de danse improvis\u00e9s, \u00e9tait essentiel pour raconter l&rsquo;histoire compl\u00e8te de leur jour m\u00e9morable.<\/p>\n<h2>Des Moments de Mariage Uniques<\/h2>\n<p>Parmi les instants m\u00e9morables, un instant vol\u00e9 entre Amandine et Pierre-Marie, \u00e0 l&rsquo;\u00e9cart de la foule, offrait une perspective intime sur leur relation. La lumi\u00e8re douce du cr\u00e9puscule enveloppait le couple, cr\u00e9ant un cadre parfait pour des photos empreintes de tendresse et de complicit\u00e9. En tant que photographe de mariage \u00e0 Lyon, immortaliser ces instants \u00e9ph\u00e9m\u00e8res est au c\u0153ur de ma mission, transformant des instants fugaces en souvenirs inoubliables.<\/p>\n<p style=\"text-align: center;\"><img decoding=\"async\" src=\"http:\/\/www.ilbstory.com\/blog-photographe\/wp-content\/uploads\/amandine-pierre-marie\/manoir-de-la-garde-071.webp\" \/><br \/>\n<img decoding=\"async\" src=\"http:\/\/www.ilbstory.com\/blog-photographe\/wp-content\/uploads\/amandine-pierre-marie\/manoir-de-la-garde-072.webp\" \/><br \/>\n<img decoding=\"async\" src=\"http:\/\/www.ilbstory.com\/blog-photographe\/wp-content\/uploads\/amandine-pierre-marie\/manoir-de-la-garde-073.webp\" \/><br \/>\n<img decoding=\"async\" src=\"http:\/\/www.ilbstory.com\/blog-photographe\/wp-content\/uploads\/amandine-pierre-marie\/manoir-de-la-garde-074.webp\" \/><br \/>\n<img decoding=\"async\" src=\"http:\/\/www.ilbstory.com\/blog-photographe\/wp-content\/uploads\/amandine-pierre-marie\/manoir-de-la-garde-075.webp\" \/><br \/>\n<img decoding=\"async\" src=\"http:\/\/www.ilbstory.com\/blog-photographe\/wp-content\/uploads\/amandine-pierre-marie\/manoir-de-la-garde-076.webp\" \/><br \/>\n<img decoding=\"async\" src=\"http:\/\/www.ilbstory.com\/blog-photographe\/wp-content\/uploads\/amandine-pierre-marie\/manoir-de-la-garde-077.webp\" \/><br \/>\n<img decoding=\"async\" src=\"http:\/\/www.ilbstory.com\/blog-photographe\/wp-content\/uploads\/amandine-pierre-marie\/manoir-de-la-garde-078.webp\" \/><br \/>\n<img decoding=\"async\" src=\"http:\/\/www.ilbstory.com\/blog-photographe\/wp-content\/uploads\/amandine-pierre-marie\/manoir-de-la-garde-079.webp\" \/><br \/>\n<img decoding=\"async\" src=\"http:\/\/www.ilbstory.com\/blog-photographe\/wp-content\/uploads\/amandine-pierre-marie\/manoir-de-la-garde-080.webp\" \/><br \/>\n<img decoding=\"async\" src=\"http:\/\/www.ilbstory.com\/blog-photographe\/wp-content\/uploads\/amandine-pierre-marie\/manoir-de-la-garde-081.webp\" \/><br \/>\n<img decoding=\"async\" src=\"http:\/\/www.ilbstory.com\/blog-photographe\/wp-content\/uploads\/amandine-pierre-marie\/manoir-de-la-garde-082.webp\" \/><br \/>\n<img decoding=\"async\" src=\"http:\/\/www.ilbstory.com\/blog-photographe\/wp-content\/uploads\/amandine-pierre-marie\/manoir-de-la-garde-083.webp\" \/><br \/>\n<img decoding=\"async\" src=\"http:\/\/www.ilbstory.com\/blog-photographe\/wp-content\/uploads\/amandine-pierre-marie\/manoir-de-la-garde-084.webp\" \/><br \/>\n<img decoding=\"async\" src=\"http:\/\/www.ilbstory.com\/blog-photographe\/wp-content\/uploads\/amandine-pierre-marie\/manoir-de-la-garde-085.webp\" \/><br \/>\n<img decoding=\"async\" src=\"http:\/\/www.ilbstory.com\/blog-photographe\/wp-content\/uploads\/amandine-pierre-marie\/manoir-de-la-garde-086.webp\" \/><br \/>\n<img decoding=\"async\" src=\"http:\/\/www.ilbstory.com\/blog-photographe\/wp-content\/uploads\/amandine-pierre-marie\/manoir-de-la-garde-087.webp\" \/><br \/>\n<img decoding=\"async\" src=\"http:\/\/www.ilbstory.com\/blog-photographe\/wp-content\/uploads\/amandine-pierre-marie\/manoir-de-la-garde-088.webp\" \/><br \/>\n<img decoding=\"async\" src=\"http:\/\/www.ilbstory.com\/blog-photographe\/wp-content\/uploads\/amandine-pierre-marie\/manoir-de-la-garde-089.webp\" \/><br \/>\n<img decoding=\"async\" src=\"http:\/\/www.ilbstory.com\/blog-photographe\/wp-content\/uploads\/amandine-pierre-marie\/manoir-de-la-garde-090.webp\" \/><br \/>\n<img decoding=\"async\" src=\"http:\/\/www.ilbstory.com\/blog-photographe\/wp-content\/uploads\/amandine-pierre-marie\/manoir-de-la-garde-091.webp\" \/><br \/>\n<img decoding=\"async\" src=\"http:\/\/www.ilbstory.com\/blog-photographe\/wp-content\/uploads\/amandine-pierre-marie\/manoir-de-la-garde-092.webp\" \/><br \/>\n<img decoding=\"async\" src=\"http:\/\/www.ilbstory.com\/blog-photographe\/wp-content\/uploads\/amandine-pierre-marie\/manoir-de-la-garde-093.webp\" \/><br \/>\n<img decoding=\"async\" src=\"http:\/\/www.ilbstory.com\/blog-photographe\/wp-content\/uploads\/amandine-pierre-marie\/manoir-de-la-garde-094.webp\" \/><br \/>\n<img decoding=\"async\" src=\"http:\/\/www.ilbstory.com\/blog-photographe\/wp-content\/uploads\/amandine-pierre-marie\/manoir-de-la-garde-095.webp\" \/><br \/>\n<img decoding=\"async\" src=\"http:\/\/www.ilbstory.com\/blog-photographe\/wp-content\/uploads\/amandine-pierre-marie\/manoir-de-la-garde-096.webp\" \/><br \/>\n<img decoding=\"async\" src=\"http:\/\/www.ilbstory.com\/blog-photographe\/wp-content\/uploads\/amandine-pierre-marie\/manoir-de-la-garde-097.webp\" \/><br \/>\n<img decoding=\"async\" src=\"http:\/\/www.ilbstory.com\/blog-photographe\/wp-content\/uploads\/amandine-pierre-marie\/manoir-de-la-garde-098.webp\" \/><\/p>\n<h2>L&rsquo;expertise d&rsquo;un photographe de mariage<\/h2>\n<p>Ce mariage au Manoir de la Garde illustre l&rsquo;importance cruciale du photographe dans la capture et la pr\u00e9servation des souvenirs d&rsquo;un des jours les plus significatifs de la vie d&rsquo;un couple. Ma passion pour la photographie de mariage repose sur la croyance que chaque mariage est unique, et c&rsquo;est cette unicit\u00e9 que je m&rsquo;efforce de capturer \u00e0 travers mon objectif. Les d\u00e9fis techniques et cr\u00e9atifs de la photographie de mariage sont nombreux, mais ils sont surpass\u00e9s par la joie de fournir aux couples un h\u00e9ritage visuel de leur amour.<\/p>\n<p style=\"text-align: center;\"><img decoding=\"async\" src=\"http:\/\/www.ilbstory.com\/blog-photographe\/wp-content\/uploads\/amandine-pierre-marie\/manoir-de-la-garde-099.webp\" \/><br \/>\n<img decoding=\"async\" src=\"http:\/\/www.ilbstory.com\/blog-photographe\/wp-content\/uploads\/amandine-pierre-marie\/manoir-de-la-garde-101.webp\" \/><br \/>\n<img decoding=\"async\" src=\"http:\/\/www.ilbstory.com\/blog-photographe\/wp-content\/uploads\/amandine-pierre-marie\/manoir-de-la-garde-102.webp\" \/><br \/>\n<img decoding=\"async\" src=\"http:\/\/www.ilbstory.com\/blog-photographe\/wp-content\/uploads\/amandine-pierre-marie\/manoir-de-la-garde-103.webp\" \/><br \/>\n<img decoding=\"async\" src=\"http:\/\/www.ilbstory.com\/blog-photographe\/wp-content\/uploads\/amandine-pierre-marie\/manoir-de-la-garde-104.webp\" \/><br \/>\n<img decoding=\"async\" src=\"http:\/\/www.ilbstory.com\/blog-photographe\/wp-content\/uploads\/amandine-pierre-marie\/manoir-de-la-garde-105.webp\" \/><br \/>\n<img decoding=\"async\" src=\"http:\/\/www.ilbstory.com\/blog-photographe\/wp-content\/uploads\/amandine-pierre-marie\/manoir-de-la-garde-106.webp\" \/><br \/>\n<img decoding=\"async\" src=\"http:\/\/www.ilbstory.com\/blog-photographe\/wp-content\/uploads\/amandine-pierre-marie\/manoir-de-la-garde-107.webp\" \/><br \/>\n<img decoding=\"async\" src=\"http:\/\/www.ilbstory.com\/blog-photographe\/wp-content\/uploads\/amandine-pierre-marie\/manoir-de-la-garde-108.webp\" \/><br \/>\n<img decoding=\"async\" src=\"http:\/\/www.ilbstory.com\/blog-photographe\/wp-content\/uploads\/amandine-pierre-marie\/manoir-de-la-garde-109.webp\" \/><br \/>\n<img decoding=\"async\" src=\"http:\/\/www.ilbstory.com\/blog-photographe\/wp-content\/uploads\/amandine-pierre-marie\/manoir-de-la-garde-110.webp\" \/><br \/>\n<img decoding=\"async\" src=\"http:\/\/www.ilbstory.com\/blog-photographe\/wp-content\/uploads\/amandine-pierre-marie\/manoir-de-la-garde-111.webp\" \/><br \/>\n<img decoding=\"async\" src=\"http:\/\/www.ilbstory.com\/blog-photographe\/wp-content\/uploads\/amandine-pierre-marie\/manoir-de-la-garde-112.webp\" \/><br \/>\n<img decoding=\"async\" src=\"http:\/\/www.ilbstory.com\/blog-photographe\/wp-content\/uploads\/amandine-pierre-marie\/manoir-de-la-garde-113.webp\" \/><br \/>\n<img decoding=\"async\" src=\"http:\/\/www.ilbstory.com\/blog-photographe\/wp-content\/uploads\/amandine-pierre-marie\/manoir-de-la-garde-114.webp\" \/><br \/>\n<img decoding=\"async\" src=\"http:\/\/www.ilbstory.com\/blog-photographe\/wp-content\/uploads\/amandine-pierre-marie\/manoir-de-la-garde-115.webp\" \/><br \/>\n<img decoding=\"async\" src=\"http:\/\/www.ilbstory.com\/blog-photographe\/wp-content\/uploads\/amandine-pierre-marie\/manoir-de-la-garde-116.webp\" \/><br \/>\n<img decoding=\"async\" src=\"http:\/\/www.ilbstory.com\/blog-photographe\/wp-content\/uploads\/amandine-pierre-marie\/manoir-de-la-garde-117.webp\" \/><br \/>\n<img decoding=\"async\" src=\"http:\/\/www.ilbstory.com\/blog-photographe\/wp-content\/uploads\/amandine-pierre-marie\/manoir-de-la-garde-118.webp\" \/><br \/>\n<img decoding=\"async\" src=\"http:\/\/www.ilbstory.com\/blog-photographe\/wp-content\/uploads\/amandine-pierre-marie\/manoir-de-la-garde-119.webp\" \/><br \/>\n<img decoding=\"async\" src=\"http:\/\/www.ilbstory.com\/blog-photographe\/wp-content\/uploads\/amandine-pierre-marie\/manoir-de-la-garde-120.webp\" \/><br \/>\n<img decoding=\"async\" src=\"http:\/\/www.ilbstory.com\/blog-photographe\/wp-content\/uploads\/amandine-pierre-marie\/manoir-de-la-garde-121.webp\" \/><br \/>\n<img decoding=\"async\" src=\"http:\/\/www.ilbstory.com\/blog-photographe\/wp-content\/uploads\/amandine-pierre-marie\/manoir-de-la-garde-122.webp\" \/><br \/>\n<img decoding=\"async\" src=\"http:\/\/www.ilbstory.com\/blog-photographe\/wp-content\/uploads\/amandine-pierre-marie\/manoir-de-la-garde-123.webp\" \/><br \/>\n<img decoding=\"async\" src=\"http:\/\/www.ilbstory.com\/blog-photographe\/wp-content\/uploads\/amandine-pierre-marie\/manoir-de-la-garde-124.webp\" \/><br \/>\n<img decoding=\"async\" src=\"http:\/\/www.ilbstory.com\/blog-photographe\/wp-content\/uploads\/amandine-pierre-marie\/manoir-de-la-garde-125.webp\" \/><br \/>\n<img decoding=\"async\" src=\"http:\/\/www.ilbstory.com\/blog-photographe\/wp-content\/uploads\/amandine-pierre-marie\/manoir-de-la-garde-126.webp\" \/><\/p>\n<h2>Le Manoir de la Garde pour un photographe de mariage \u00e0 Lyon<\/h2>\n<p>Le mariage d&rsquo;Amandine et Pierre-Marie au Manoir de la Garde \u00e0 Jarnioux ne fut pas seulement une journ\u00e9e de c\u00e9l\u00e9bration ; ce fut une illustration vivante de l&rsquo;amour, captur\u00e9e avec soin et sensibilit\u00e9 par un photographe de mariage \u00e0 Lyon. Chaque photo raconte une histoire, chaque image est un t\u00e9moignage de moments de joie, de complicit\u00e9, et de partage. En tant que photographe de mariage, mon objectif est de capturer la beaut\u00e9 de ces moments, permettant aux couples de revivre leur journ\u00e9e tout au long de leur vie.<\/p>\n<p>Pour les futurs mari\u00e9s cherchant \u00e0 immortaliser leur propre histoire au Manoir de la Garde ou ailleurs dans la magnifique r\u00e9gion de Lyon, je vous invite \u00e0 me contacter. Ensemble, cr\u00e9ons un r\u00e9cit visuel de votre projet qui r\u00e9sistera \u00e0 l&rsquo;\u00e9preuve du temps.[\/vc_column_text][\/vc_column][\/vc_row][vc_row][vc_column width=\u00a0\u00bb1\/1&Prime;][uncode_index loop=\u00a0\u00bbsize:3|order_by:date|post_type:post|by_id:6277,82823|taxonomy_count:10&Prime; screen_lg=\u00a0\u00bb1000&Prime; screen_md=\u00a0\u00bb600&Prime; screen_sm=\u00a0\u00bb480&Prime; gutter_size=\u00a0\u00bb3&Prime; post_items=\u00a0\u00bbmedia|featured|onpost|original,title\u00a0\u00bb single_overlay_opacity=\u00a0\u00bb50&Prime; single_padding=\u00a0\u00bb2&Prime; uncode_shortcode_id=\u00a0\u00bb682319&Prime;][\/vc_column][\/vc_row]<\/p>\n<\/div>","protected":false},"excerpt":{"rendered":"<p>[vc_row][vc_column width=\u00a0\u00bb1\/1&Prime;][vc_custom_heading heading_semantic=\u00a0\u00bbh1&Prime; text_font=\u00a0\u00bbfont-169825&Prime; text_size=\u00a0\u00bbh1&Prime; uncode_shortcode_id=\u00a0\u00bb190393&Prime;] Photographe de mariage \u00e0 Lyon : Capturer l&rsquo;inoubliable au Manoir de la Garde [\/vc_custom_heading][vc_column_text]Dans [&hellip;]<\/p>\n","protected":false},"author":1,"featured_media":83309,"comment_status":"open","ping_status":"open","sticky":false,"template":"","format":"standard","meta":{"footnotes":""},"categories":[29],"tags":[20,21],"class_list":["post-1359","post","type-post","status-publish","format-standard","has-post-thumbnail","hentry","category-tout","tag-manoir-de-la-garde","tag-jarnioux"],"psp_head":"<title>Manoir de la Garde - Photographe mariage lyon \u2013 Photographe mariage lyon - Blog ILB Story<\/title>\r\n<meta name=\"description\" content=\"Un mariage au Manoir de la Garde avec un magnifique couple, Amandine et Pierre-Marie, par ILB Story, photographe mariage lyon\" \/>\r\n<meta name=\"robots\" content=\"index,follow\" \/>\r\n<link rel=\"canonical\" href=\"https:\/\/www.ilbstory.com\/blog-photographe\/manoir-de-la-garde\/\" \/>\r\n","_links":{"self":[{"href":"https:\/\/www.ilbstory.com\/blog-photographe\/wp-json\/wp\/v2\/posts\/1359","targetHints":{"allow":["GET"]}}],"collection":[{"href":"https:\/\/www.ilbstory.com\/blog-photographe\/wp-json\/wp\/v2\/posts"}],"about":[{"href":"https:\/\/www.ilbstory.com\/blog-photographe\/wp-json\/wp\/v2\/types\/post"}],"author":[{"embeddable":true,"href":"https:\/\/www.ilbstory.com\/blog-photographe\/wp-json\/wp\/v2\/users\/1"}],"replies":[{"embeddable":true,"href":"https:\/\/www.ilbstory.com\/blog-photographe\/wp-json\/wp\/v2\/comments?post=1359"}],"version-history":[{"count":21,"href":"https:\/\/www.ilbstory.com\/blog-photographe\/wp-json\/wp\/v2\/posts\/1359\/revisions"}],"predecessor-version":[{"id":83818,"href":"https:\/\/www.ilbstory.com\/blog-photographe\/wp-json\/wp\/v2\/posts\/1359\/revisions\/83818"}],"wp:featuredmedia":[{"embeddable":true,"href":"https:\/\/www.ilbstory.com\/blog-photographe\/wp-json\/wp\/v2\/media\/83309"}],"wp:attachment":[{"href":"https:\/\/www.ilbstory.com\/blog-photographe\/wp-json\/wp\/v2\/media?parent=1359"}],"wp:term":[{"taxonomy":"category","embeddable":true,"href":"https:\/\/www.ilbstory.com\/blog-photographe\/wp-json\/wp\/v2\/categories?post=1359"},{"taxonomy":"post_tag","embeddable":true,"href":"https:\/\/www.ilbstory.com\/blog-photographe\/wp-json\/wp\/v2\/tags?post=1359"}],"curies":[{"name":"wp","href":"https:\/\/api.w.org\/{rel}","templated":true}]}}